{"id":106233,"date":"2020-01-20T22:58:28","date_gmt":"2020-01-21T03:58:28","guid":{"rendered":"https:\/\/www.iaff.org\/news\/la-conferencia-de-liderazgo-de-afiliados-y-relaciones-humanas-da-el-pistoletazo-de-salida\/"},"modified":"2025-08-12T14:45:10","modified_gmt":"2025-08-12T18:45:10","slug":"la-conferencia-de-liderazgo-de-afiliados-y-relaciones-humanas-da-el-pistoletazo-de-salida","status":"publish","type":"news","link":"https:\/\/www.iaff.org\/es\/news\/la-conferencia-de-liderazgo-de-afiliados-y-relaciones-humanas-da-el-pistoletazo-de-salida\/","title":{"rendered":"La conferencia de liderazgo de afiliados y relaciones humanas da el pistoletazo de salida"},"content":{"rendered":"<div class=\"wp-block-paragraph \">\n<p>La Cumbre de Formaci\u00f3n de Liderazgo de Afiliados Vincent J. Bollon\/Conferencia de Relaciones Humanas Ernest A. \u201cBuddy\u201d Mass se inaugur\u00f3 hoy en Lake Buena Vista, Florida, brindando a los l\u00edderes locales las habilidades, el conocimiento y la capacitaci\u00f3n sobre una variedad de temas que afectan a nuestra membres\u00eda. <\/p>\n<\/div><div class=\"wp-block-paragraph \">\n<p>M\u00e1s de 1500 l\u00edderes de afiliados asisten a la conferencia, que tambi\u00e9n ofrece capacitaci\u00f3n en relaciones humanas y diversidad como parte de los amplios y continuos esfuerzos de la AIB para promover la inclusi\u00f3n dentro del servicio de bomberos. <\/p>\n<\/div><div class=\"wp-block-paragraph \">\n<p>En sus comentarios de apertura, el Presidente General Harold Schaitberger dijo: \u201cLa sindicalizaci\u00f3n ha sido durante mucho tiempo un gran igualador, donde todos son tratados como un hermano y una hermana con el prop\u00f3sito com\u00fan de hacer que el trabajo de uno sea justo y gratificante, de dar una voz com\u00fan a todos nosotros, independientemente de nuestros antecedentes\u201d, se\u00f1alando que la Conferencia comenz\u00f3 el D\u00eda de Martin Luther King.<\/p>\n<\/div><div class=\"wp-block-paragraph \">\n<p>La conferencia de cuatro d\u00edas ofrece cinco eventos previos a la conferencia, 142 talleres y otras 23 sesiones informativas. Los talleres abordan la capacitaci\u00f3n en liderazgo, el c\u00e1ncer ocupacional, el estr\u00e9s postraum\u00e1tico, el bienestar y la forma f\u00edsica, la creaci\u00f3n de una fuerza laboral inclusiva, el embarazo y los derechos de los padres y muchos otros temas dise\u00f1ados para ayudar a los l\u00edderes de los afiliados a administrar sus delegaciones locales y ayudar a los miembros. <\/p>\n<\/div><div class=\"wp-block-paragraph \">\n<p>La salud y la seguridad de los miembros son una prioridad para la AIB, incluyendo la ayuda para prevenir y reducir el c\u00e1ncer ocupacional. El taller, \u00abSustancias t\u00f3xicas y el bombero\u00bb se <a href=\"https:\/\/www,youtube.com\/IAFFTV\/live\" target=\"_blank\" rel=\"noreferrer noopener\">transmitir\u00e1 en vivo<\/a> el 21 de enero a las 10:30 a.m. (ET) para dar a todos los miembros la oportunidad de aprender m\u00e1s sobre las sustancias t\u00f3xicas a las que los bomberos est\u00e1n frecuentemente expuestos &#8211; como las PFAS &#8211; que se encuentran en innumerables productos de consumo, y el trabajo que la AIB est\u00e1 haciendo para abordar el tema, incluyendo la investigaci\u00f3n y los esfuerzos legislativos. <\/p>\n<\/div><div class=\"wp-block-paragraph \">\n<p>Para concluir sus comentarios, Schaitberger prometi\u00f3 que la AIB siempre se esforzar\u00e1 por ayudar a sus miembros a mantenerse seguros y a realizar sus trabajos al m\u00e1s alto nivel.<br\/> <br\/>\u201cMientras los bomberos y los param\u00e9dicos respondan a las emergencias, pueden apostar a que esta AIB responder\u00e1 con los materiales y recursos m\u00e1s recientes y actuales para mantenerlos seguros.\u201d<\/p>\n<\/div>","protected":false},"featured_media":106234,"menu_order":0,"template":"","tags":[],"class_list":["post-106233","news","type-news","status-publish","has-post-thumbnail","hentry"],"acf":[],"publishpress_future_workflow_manual_trigger":{"enabledWorkflows":[]},"_links":{"self":[{"href":"https:\/\/www.iaff.org\/es\/wp-json\/wp\/v2\/news\/106233","targetHints":{"allow":["GET"]}}],"collection":[{"href":"https:\/\/www.iaff.org\/es\/wp-json\/wp\/v2\/news"}],"about":[{"href":"https:\/\/www.iaff.org\/es\/wp-json\/wp\/v2\/types\/news"}],"version-history":[{"count":0,"href":"https:\/\/www.iaff.org\/es\/wp-json\/wp\/v2\/news\/106233\/revisions"}],"wp:featuredmedia":[{"embeddable":true,"href":"https:\/\/www.iaff.org\/es\/wp-json\/wp\/v2\/media\/106234"}],"wp:attachment":[{"href":"https:\/\/www.iaff.org\/es\/wp-json\/wp\/v2\/media?parent=106233"}],"wp:term":[{"taxonomy":"post_tag","embeddable":true,"href":"https:\/\/www.iaff.org\/es\/wp-json\/wp\/v2\/tags?post=106233"}],"curies":[{"name":"wp","href":"https:\/\/api.w.org\/{rel}","templated":true}]}}