{"id":106226,"date":"2020-01-22T02:16:27","date_gmt":"2020-01-22T07:16:27","guid":{"rendered":"https:\/\/www.iaff.org\/news\/resultados-de-las-elecciones-del-comite-de-relaciones-humanas-electo\/"},"modified":"2025-08-12T14:44:46","modified_gmt":"2025-08-12T18:44:46","slug":"resultados-de-las-elecciones-del-comite-de-relaciones-humanas-electo","status":"publish","type":"news","link":"https:\/\/www.iaff.org\/es\/news\/resultados-de-las-elecciones-del-comite-de-relaciones-humanas-electo\/","title":{"rendered":"Resultados de las elecciones del comit\u00e9 de relaciones humanas electo"},"content":{"rendered":"<div class=\"wp-block-paragraph \">\n<p>Las nominaciones y elecciones para 16 miembros (ocho categor\u00edas) del Comit\u00e9 de Relaciones Humanas Electo (EHRC) se llevaron a cabo del 20 al 21 de enero durante la Cumbre de Capacitaci\u00f3n de Liderazgo de Afiliados y la Conferencia de Relaciones Humanas.<\/p>\n<\/div><div class=\"wp-block-paragraph \">\n<p><strong>Los resultados de las elecciones disputadas son los siguientes:<\/strong><\/p>\n<\/div><div class=\"wp-block-paragraph \">\n<p><strong>Afroamericano\/Negro<\/strong><strong><br\/><\/strong>Nick Felton, Local 632 de Nueva Orleans, LA<br\/>Sherwood Smith, Local 42 de Kansas City, MO<\/p>\n<\/div><div class=\"wp-block-paragraph \">\n<p><strong>Mujer<\/strong><strong><br\/><\/strong>Audrey Owczarzak, Local 45 de Newport, KY<br\/>Barbara Sellers, Local 514 de Shreveport, LA <\/p>\n<\/div><div class=\"wp-block-paragraph \">\n<p><strong>Hispano\/Latino<\/strong><strong><br\/><\/strong>Richard Gomez, Local 341 de Houston, TX<br\/>Carlos Pacheco, Local 64 de Kansas City, KS<\/p>\n<\/div><div class=\"wp-block-paragraph \">\n<p><strong>Los siguientes candidatos fueron elegidos por aclamaci\u00f3n:<\/strong><br\/><strong><br\/>Cauc\u00e1sico\/Blanco<br\/><\/strong>Tom Donovan, Local 48 de Cincinnati, OH<br\/>Dabney Hudson, Local 36 de Washington, DC<\/p>\n<\/div><div class=\"wp-block-paragraph \">\n<p><strong>Discapacitado<\/strong><strong><br\/><\/strong>William Silva, Local F-283 de Fort Louis, WA<br\/>Barry Stafford, Local 718 de Boston, MA <\/p>\n<\/div><div class=\"wp-block-paragraph \">\n<p><strong>LGBTQ<\/strong><strong><br\/><\/strong>Kevin Burkhart, Profesionales M\u00e9dicos de Emergencia Unidos de Arizona Local I-60<br\/>Cristian G. Cruz, Local 244 de Albuquerque, NM <\/p>\n<\/div><div class=\"wp-block-paragraph \">\n<p><strong>Otro No Ya Representado<\/strong><strong><br\/><\/strong>David Bautista, Condado de Orange, Local 3631<br\/>Anita Paratley, Local 798 de San Francisco, CA <\/p>\n<\/div><div class=\"wp-block-paragraph \">\n<p><strong>Veterano<\/strong><strong><br\/><\/strong>Roy Mokosso, Local 21 de St. Paul, MN<br\/>Jorge Pena, Asociaci\u00f3n de Bomberos Uniformados de Nueva York Local 94<\/p>\n<\/div><div class=\"wp-block-paragraph \">\n<p>Todos los miembros de la EHRC elegidos comenzar\u00e1n su mandato de cuatro a\u00f1os al finalizar la conferencia.<\/p>\n<\/div><div class=\"wp-block-paragraph \">\n<p>El Comit\u00e9 de Relaciones Humanas Electo consta de 18 miembros nominados y elegidos cada cuatro a\u00f1os: 16 en la correspondiente Cumbre de Capacitaci\u00f3n de Liderazgo de Afiliados\/Conferencia de Relaciones Humanas (ALTS\/HRC) y dos representantes canadienses elegidos en la Conferencia de Pol\u00edtica Canadiense de 2021 en Burnaby, Columbia Brit\u00e1nica.<\/p>\n<\/div><div class=\"wp-block-paragraph \">\n<p>El Comit\u00e9 de Relaciones Humanas Electo se estableci\u00f3 en 1988 tras una resoluci\u00f3n aprobada durante la 39\u00aa Convenci\u00f3n de AIB que ped\u00eda un comit\u00e9 permanente de miembros de AIB encargado de mejorar las relaciones y establecer una mayor unidad entre los bomberos.<\/p>\n<\/div><div class=\"wp-block-paragraph \">\n<p>El Comit\u00e9 de Relaciones Humanas Electo, que se re\u00fane formalmente dos veces al a\u00f1o, formula recomendaciones de pol\u00edtica con respecto a los derechos civiles, los problemas de las minor\u00edas, el alojamiento y otros asuntos, y brinda asesoramiento a los afiliados que enfrentan problemas espec\u00edficos de relaciones humanas.<\/p>\n<\/div><div class=\"wp-block-paragraph \">\n<p>M\u00e1s detalles sobre el Comit\u00e9 de Relaciones Humanas Electo de la AIB <a href=\"https:\/\/www.iaff.org\/es\/relaciones-humanas\/\">aqu\u00ed<\/a>.<\/p>\n<\/div>","protected":false},"featured_media":106227,"menu_order":0,"template":"","tags":[],"class_list":["post-106226","news","type-news","status-publish","has-post-thumbnail","hentry"],"acf":[],"publishpress_future_workflow_manual_trigger":{"enabledWorkflows":[]},"_links":{"self":[{"href":"https:\/\/www.iaff.org\/es\/wp-json\/wp\/v2\/news\/106226","targetHints":{"allow":["GET"]}}],"collection":[{"href":"https:\/\/www.iaff.org\/es\/wp-json\/wp\/v2\/news"}],"about":[{"href":"https:\/\/www.iaff.org\/es\/wp-json\/wp\/v2\/types\/news"}],"version-history":[{"count":0,"href":"https:\/\/www.iaff.org\/es\/wp-json\/wp\/v2\/news\/106226\/revisions"}],"wp:featuredmedia":[{"embeddable":true,"href":"https:\/\/www.iaff.org\/es\/wp-json\/wp\/v2\/media\/106227"}],"wp:attachment":[{"href":"https:\/\/www.iaff.org\/es\/wp-json\/wp\/v2\/media?parent=106226"}],"wp:term":[{"taxonomy":"post_tag","embeddable":true,"href":"https:\/\/www.iaff.org\/es\/wp-json\/wp\/v2\/tags?post=106226"}],"curies":[{"name":"wp","href":"https:\/\/api.w.org\/{rel}","templated":true}]}}