{"id":106219,"date":"2020-01-29T14:25:40","date_gmt":"2020-01-29T19:25:40","guid":{"rendered":"https:\/\/www.iaff.org\/news\/el-periodo-de-solicitud-de-la-subvencion-de-asistencia-a-bomberos-afg-se-abre-el-3-de-febrero\/"},"modified":"2025-12-03T14:58:06","modified_gmt":"2025-12-03T19:58:06","slug":"el-periodo-de-solicitud-de-la-subvencion-de-asistencia-a-bomberos-afg-se-abre-el-3-de-febrero","status":"publish","type":"news","link":"https:\/\/www.iaff.org\/es\/news\/el-periodo-de-solicitud-de-la-subvencion-de-asistencia-a-bomberos-afg-se-abre-el-3-de-febrero\/","title":{"rendered":"El per\u00edodo de solicitud de la subvenci\u00f3n de Asistencia a Bomberos (AFG) se abre el 3 de febrero"},"content":{"rendered":"<div class=\"wp-block-paragraph \">\n<p>El per\u00edodo de solicitud de la subvenci\u00f3n de Asistencia a Bomberos (AFG) del a\u00f1o fiscal 2019 es del 3 de febrero al 13 de marzo de 2020.<\/p>\n<\/div><div class=\"wp-block-paragraph \">\n<p>Las subvenciones de la AFG proporcionan a los departamentos de bomberos financiaci\u00f3n para equipos, equipos de protecci\u00f3n, veh\u00edculos de emergencia, formaci\u00f3n y otros recursos que se necesitan de forma cr\u00edtica para proteger al p\u00fablico y al personal de emergencia de incendios y peligros relacionados.<\/p>\n<\/div><div class=\"wp-block-paragraph \">\n<p><a href=\"https:\/\/u1584542.ct.sendgrid.net\/mps2\/c\/GQE\/ni0YAA\/t.2yt\/V2sWIXEuQmCEojpBEn26_w\/h0\/c1Z8CEVuGZCKzMa-2FOp-2F-2FGSbiRgE5lurLbWuQD0zo38pwKNMEbd1m1BsFG2z35zxFdseXE3t-2Bu2Nj8ehqPxdX0pGWZoETAbLD-2Ba02p-2B7A1ITwt5DS-2FP2Ya7uEhJ6xqkB8YD1-2Feh4N56IazIcnmVJ118Zw9oYaa4REuPdQLlRq5Q-2Bn9kK1DmkKQOt9CMR3zHElNv7giZDtNwDMaU30sC7L3rpT3-2BxVU-2FKslIltfZk4f6dufcoKPDIqHOxDS9NUiFEqnmuCJsE1WgMd-2BRwV5PTrldX1l-2BPsFOsrR2gDE-2FKtipK9Wse9GyQKqYEzeWdufeL8SDumfARdJuEXgLqiwsM5m1-2BeWefFhcehqc6WaFk4aM15GO1RjrIwsTYkL1jl5841ZfK9ZLdHrFxX-2Fa873q6R5IJLwgRWtAMdINSI0RP2-2FIw-3D\/NxyK\" target=\"_blank\" rel=\"noreferrer noopener\">Obtenga m\u00e1s informaci\u00f3n<\/a> sobre el proceso de solicitud de la AFG, as\u00ed como los recursos que le ayudar\u00e1n a preparar su solicitud. La fecha l\u00edmite para las solicitudes es el 13 de marzo a las 17:00 (hora del este). <\/p>\n<\/div><div class=\"wp-block-paragraph \">\n<p><strong><u>Preparaci\u00f3n de su solicitud de subvenci\u00f3n<\/u><\/strong><\/p>\n<\/div><div class=\"wp-block-paragraph \">\n<p>Para obtener ayuda adicional, orientaci\u00f3n en la preparaci\u00f3n de su solicitud o una revisi\u00f3n de su solicitud antes de la presentaci\u00f3n, p\u00f3ngase en contacto con el Departamento de Subvenciones de la AIB en <a href=\"mailto:firegrants@iaff.org\">firegrants@iaff.org<\/a> o en el (202) 824-1575.<\/p>\n<\/div><div class=\"wp-block-paragraph \">\n<p>La AIB puede proporcionar orientaci\u00f3n espec\u00edfica para las solicitudes de financiaci\u00f3n de los siguientes programas de la AIB:<\/p>\n<\/div><div class=\"wp-block-list\">\n<ul class=\"wp-block-list\">\n<li>Programa de formaci\u00f3n de apoyo entre compa\u00f1eros de la AIB<\/li>\n\n\n\n<li>Programa de formaci\u00f3n de supervivencia en tierra de incendios (FGS)<\/li>\n\n\n\n<li>Iniciativa de bienestar y forma f\u00edsica (WFI)<\/li>\n\n\n\n<li>Programa de certificaci\u00f3n de entrenador f\u00edsico entre pares (PFT) de la AIB\/IAFC\/ACE<\/li>\n\n\n\n<li>Formaci\u00f3n sobre materiales peligrosos para operaciones de primeros intervinientes (FRO)<\/li>\n\n\n\n<li>Capacitaci\u00f3n para la respuesta a materiales peligrosos: T\u00e9cnico (HM Tech)<\/li>\n\n\n\n<li>Capacitaci\u00f3n en rescate en espacios confinados (CSR)<\/li>\n<\/ul>\n<\/div><div class=\"wp-block-paragraph \">\n<p>Tenga en cuenta que los cambios clave en el programa de subvenciones del a\u00f1o fiscal 2019 incluyen:<\/p>\n<\/div><div class=\"wp-block-paragraph \">\n<p><strong>Microsubvenciones<\/strong><\/p>\n<\/div><div class=\"wp-block-list\">\n<ul class=\"wp-block-list\">\n<li>El bienestar y la forma f\u00edsica ahora son elegibles como una microsubvenci\u00f3n y una subvenci\u00f3n regional.<\/li>\n\n\n\n<li>Las modificaciones a las actividades de las instalaciones ahora son elegibles como una microsubvenci\u00f3n.<\/li>\n<\/ul>\n<\/div><div class=\"wp-block-paragraph \">\n<p><strong>Equipamiento<\/strong><\/p>\n<\/div><div class=\"wp-block-list\">\n<ul class=\"wp-block-list\">\n<li>Los accesorios de formaci\u00f3n est\u00e1n limitados a 50.000 $, excepto en el caso de una solicitud de la Academia Estatal de Formaci\u00f3n de Bomberos.<\/li>\n\n\n\n<li>Los sistemas de gesti\u00f3n del aprendizaje (LMS) para incluir software y programas inform\u00e1ticos para que los departamentos y estados locales realicen un seguimiento de la formaci\u00f3n y las certificaciones se a\u00f1adieron como alta prioridad.<\/li>\n<\/ul>\n<\/div><div class=\"wp-block-paragraph \">\n<p><strong>Operaci\u00f3n y seguridad y regiona<\/strong>l<\/p>\n<\/div><div class=\"wp-block-list\">\n<ul class=\"wp-block-list\">\n<li>Inmediatamente peligroso para la vida o la salud (IDLH), la protecci\u00f3n para los investigadores de incendios (protecci\u00f3n respiratoria de un solo uso) se a\u00f1ade como alta prioridad.<\/li>\n\n\n\n<li>La definici\u00f3n del \u00e1rea de respuesta primaria de primera intervenci\u00f3n se actualiza para que sea coherente con la edici\u00f3n actual de la NFPA 1710. El \u00e1rea geogr\u00e1fica que rodea a una estaci\u00f3n de bomberos en la que se prev\u00e9 que una compa\u00f1\u00eda de esa estaci\u00f3n sea la primera en llegar al lugar de un incidente. <\/li>\n\n\n\n<li>La solicitud incluir\u00e1 datos\/estad\u00edsticas sobre la aplicaci\u00f3n por parte de los departamentos de bomberos de los ex\u00e1menes f\u00edsicos de la Asociaci\u00f3n Nacional de Protecci\u00f3n contra Incendios (NFPA) 1582. Esta informaci\u00f3n no se incluye en la determinaci\u00f3n de la revisi\u00f3n por pares. <\/li>\n<\/ul>\n<\/div><div class=\"wp-block-paragraph \">\n<p><strong>Adquisici\u00f3n de veh\u00edculos<\/strong><\/p>\n<\/div><div class=\"wp-block-list\">\n<ul class=\"wp-block-list\">\n<li>Los veh\u00edculos de extinci\u00f3n de incendios forestales son ahora una alta prioridad para las comunidades urbanas, suburbanas y rurales. La \u00fanica excepci\u00f3n es para las comunidades urbanas: un cami\u00f3n de extinci\u00f3n de incendios forestales no puede exceder el Tipo III en las especificaciones. Esto no impide que un departamento solicite una bomba de interfaz urbana de Tipo I. Las bombas de Tipo I deben solicitarse como una bomba y especificarse en la solicitud como Tipo I.   <\/li>\n<\/ul>\n<\/div><div class=\"wp-block-paragraph \">\n<p><a href=\"https:\/\/u1584542.ct.sendgrid.net\/mps2\/c\/GQE\/ni0YAA\/t.2yt\/V2sWIXEuQmCEojpBEn26_w\/h1\/1g-2BxzwaRRNtw-2Bio4DbrIFBr3MnOWDFy-2Fu49-2BYGRyGtZg1JvpYJ2qTVHxRzNLpUEErP7ZumKWCpw20ZJKlJQIX4xD0gPGqdIbS9F6Tfp7sClQ3y6fyiIKzoMizJmeCEFzTQ5lMU48q5MgMai-2BG6Ug3btW6Prf1Hg2eUqBkZg62-2BBMN0BiGwKQBVUKn343IJunKxwJ264wAixbaZKzTkYvrQXFN3BgMXw12itJwM4f1fdG0Pj-2F-2FZZneJ5JsWWpzkJZUWISsWGjF55lRl1-2FbLdZhYUF8VtGMKud7iJq-2FAZGkceDadrdp7jqeDHHfhlAKlvWQwEKDfV-2F8HaRIoVpGg0srHn0IanEKJpTMWPofPY4CNIFOM3gjTj9CRJhwE74NgW-2FWHlxqApdDVFauG-2FT2kERFAvvugUwKFrLScQMv8ynvs5Gm9Xci2mLx-2Frr5vfzJw4NI-2Fd5mb4gWI-2BGKeCGWojaDw-3D-3D\/-bVp\" target=\"_blank\" rel=\"noreferrer noopener\">Reg\u00edstrese para recibir alertas por correo electr\u00f3nico<\/a> de FEMA para varios programas de subvenciones y otra informaci\u00f3n.<\/p>\n<\/div>","protected":false},"featured_media":117301,"menu_order":0,"template":"","tags":[],"class_list":["post-106219","news","type-news","status-publish","has-post-thumbnail","hentry"],"acf":[],"publishpress_future_workflow_manual_trigger":{"enabledWorkflows":[]},"_links":{"self":[{"href":"https:\/\/www.iaff.org\/es\/wp-json\/wp\/v2\/news\/106219","targetHints":{"allow":["GET"]}}],"collection":[{"href":"https:\/\/www.iaff.org\/es\/wp-json\/wp\/v2\/news"}],"about":[{"href":"https:\/\/www.iaff.org\/es\/wp-json\/wp\/v2\/types\/news"}],"version-history":[{"count":0,"href":"https:\/\/www.iaff.org\/es\/wp-json\/wp\/v2\/news\/106219\/revisions"}],"wp:featuredmedia":[{"embeddable":true,"href":"https:\/\/www.iaff.org\/es\/wp-json\/wp\/v2\/media\/117301"}],"wp:attachment":[{"href":"https:\/\/www.iaff.org\/es\/wp-json\/wp\/v2\/media?parent=106219"}],"wp:term":[{"taxonomy":"post_tag","embeddable":true,"href":"https:\/\/www.iaff.org\/es\/wp-json\/wp\/v2\/tags?post=106219"}],"curies":[{"name":"wp","href":"https:\/\/api.w.org\/{rel}","templated":true}]}}