{"id":106160,"date":"2020-02-21T17:24:36","date_gmt":"2020-02-21T22:24:36","guid":{"rendered":"https:\/\/www.iaff.org\/news\/miembro-de-florida-defiende-el-proyecto-de-ley-sobre-el-cancer\/"},"modified":"2025-08-12T14:34:30","modified_gmt":"2025-08-12T18:34:30","slug":"miembro-de-florida-defiende-el-proyecto-de-ley-sobre-el-cancer","status":"publish","type":"news","link":"https:\/\/www.iaff.org\/es\/news\/miembro-de-florida-defiende-el-proyecto-de-ley-sobre-el-cancer\/","title":{"rendered":"Miembro de Florida defiende el proyecto de ley sobre el c\u00e1ncer"},"content":{"rendered":"<div class=\"wp-block-paragraph \">\n<p>Gracias al firme apoyo del representante estatal de Florida, Matt Willhite, un bombero activo del condado de Palm Beach y miembro del Local 2928 del condado de Palm Beach, y a las gestiones de presi\u00f3n de los Bomberos Profesionales de Florida (FPF), la AIB y sus afiliados, una ley que concede prestaciones a los bomberos que desarrollan c\u00e1ncer entr\u00f3 en vigor el 1 de julio de 2019.<\/p>\n<\/div><div class=\"wp-block-paragraph \">\n<p>Como agradecimiento por su apoyo, la FPF nombr\u00f3 a Willhite Bombero Profesional del A\u00f1o de Florida para 2019, mientras que su delegaci\u00f3n local le obsequi\u00f3 con un logotipo de la AIB iluminado de acero inoxidable para que lo exhibiera en su oficina.<\/p>\n<\/div><div class=\"wp-block-paragraph \">\n<p>\u201cIntentamos aprobar una ley similar a lo largo de los a\u00f1os. S\u00e9 que no podr\u00edamos haberlo hecho esta vez sin el apoyo y la influencia del Hermano Willhite\u201d, dice el vicepresidente del 12\u00ba Distrito, Walt Dix. \u201cEste es un gran ejemplo de por qu\u00e9 trabajamos tan duro para elegir a los nuestros.\u201d <\/p>\n<\/div><div class=\"wp-block-paragraph \">\n<p>\u201cEstamos muy orgullosos de lo que hace no solo en nombre de los miembros del Local 2928, sino de todos los miembros de Florida\u201d, dice el presidente del Local 2928 del condado de Palm Beach, Scott Bielecky. \u201cQuer\u00edamos asegurarnos de que supiera que apreciamos todo lo que hace.\u201d <\/p>\n<\/div><div class=\"wp-block-paragraph \">\n<p>Desde que Willhite asumi\u00f3 el cargo en noviembre de 2016, ha defendido la presi\u00f3n para la presunci\u00f3n de c\u00e1ncer y la cobertura del TEPT para los bomberos de Florida.<\/p>\n<\/div><div class=\"wp-block-paragraph \">\n<p>Poco despu\u00e9s de que se aprobara la ley, su solidez se puso a prueba cuando la ciudad de San Petersburgo intent\u00f3 denegar las prestaciones a Jason Francis, miembro del Local 747 de San Petersburgo, a quien se le hab\u00eda diagnosticado c\u00e1ncer de tiroides en enero de 2019 tras meses de visitas a m\u00e9dicos para determinar por qu\u00e9 no se sent\u00eda bien.<\/p>\n<\/div><div class=\"wp-block-paragraph \">\n<p>Los m\u00e9dicos recomendaron extirparle la tiroides y 53 ganglios linf\u00e1ticos para asegurarse de que el c\u00e1ncer desapareciera. La operaci\u00f3n fue un \u00e9xito, pero la recuperaci\u00f3n ha sido dif\u00edcil. <\/p>\n<\/div><div class=\"wp-block-paragraph \">\n<p>\u201cMi seguro m\u00e9dico a trav\u00e9s de la ciudad cubr\u00eda gran parte del coste m\u00e9dico, pero el seguro no sirve de nada cuando te quedas sin baja por enfermedad\u201d, dice Francis. \u201cSe convirti\u00f3 en una verdadera lucha para mi familia pasar de dos ingresos a uno. Solicit\u00e9 la prestaci\u00f3n, pero me la denegaron.\u201d <\/p>\n<\/div><div class=\"wp-block-paragraph \">\n<p>La ciudad de San Petersburgo dijo que a Francis se le deneg\u00f3 la cobertura porque fue diagnosticado antes de la promulgaci\u00f3n de la ley.<\/p>\n<\/div><div class=\"wp-block-paragraph \">\n<p>\u201cLa familia de la AIB, incluyendo al vicepresidente del 12\u00ba Distrito, Walt Dix, y el FPF trabajan en equipo para ayudar a nuestros miembros cuando nos necesitan\u201d, dice el presidente del Local 747 de San Petersburgo, Richard Pauley. \u201cPensamos que el caso del Hermano Francis merec\u00eda la pena ser luchado, as\u00ed que le pedimos a nuestro abogado de muchos a\u00f1os, Robert McKee, que presentara una demanda\u201d. <\/p>\n<\/div><div class=\"wp-block-paragraph \">\n<p>El juez del tribunal de circuito fall\u00f3 a favor de Francis, se\u00f1alando que la ley no inclu\u00eda ning\u00fan lenguaje que impidiera a los bomberos diagnosticados antes de la promulgaci\u00f3n de la ley recibir prestaciones.<\/p>\n<\/div><div class=\"wp-block-paragraph \">\n<p>\u201cAhora sabemos que esta ley es lo suficientemente fuerte como para hacer frente a la oposici\u00f3n\u201d, dice el presidente de la FPF, Wayne Bernoska. \u201cLucharemos contra cualquier gobierno local que intente denegar las prestaciones a nuestros miembros diagnosticados con c\u00e1ncer.\u201d <\/p>\n<\/div><div class=\"wp-block-paragraph \">\n<p>La nueva ley proporciona cobertura m\u00e9dica completa para 21 tipos de c\u00e1ncer. La cobertura se proporciona a trav\u00e9s de un plan de salud de grupo proporcionado por el empleador en lugar de a trav\u00e9s de la compensaci\u00f3n de los trabajadores e incluye un pago \u00fanico de $25.000 a los bomberos tras un diagn\u00f3stico de c\u00e1ncer, tiempo libre para el tratamiento y la rehabilitaci\u00f3n, y todos los copagos y deducibles. Estos 21 c\u00e1nceres se consideran en acto de servicio e incluyen una prestaci\u00f3n por fallecimiento mejorada.  <\/p>\n<\/div>","protected":false},"featured_media":106161,"menu_order":0,"template":"","tags":[],"class_list":["post-106160","news","type-news","status-publish","has-post-thumbnail","hentry"],"acf":[],"publishpress_future_workflow_manual_trigger":{"enabledWorkflows":[]},"_links":{"self":[{"href":"https:\/\/www.iaff.org\/es\/wp-json\/wp\/v2\/news\/106160","targetHints":{"allow":["GET"]}}],"collection":[{"href":"https:\/\/www.iaff.org\/es\/wp-json\/wp\/v2\/news"}],"about":[{"href":"https:\/\/www.iaff.org\/es\/wp-json\/wp\/v2\/types\/news"}],"version-history":[{"count":0,"href":"https:\/\/www.iaff.org\/es\/wp-json\/wp\/v2\/news\/106160\/revisions"}],"wp:featuredmedia":[{"embeddable":true,"href":"https:\/\/www.iaff.org\/es\/wp-json\/wp\/v2\/media\/106161"}],"wp:attachment":[{"href":"https:\/\/www.iaff.org\/es\/wp-json\/wp\/v2\/media?parent=106160"}],"wp:term":[{"taxonomy":"post_tag","embeddable":true,"href":"https:\/\/www.iaff.org\/es\/wp-json\/wp\/v2\/tags?post=106160"}],"curies":[{"name":"wp","href":"https:\/\/api.w.org\/{rel}","templated":true}]}}