{"id":106023,"date":"2020-04-22T15:19:10","date_gmt":"2020-04-22T19:19:10","guid":{"rendered":"https:\/\/www.iaff.org\/news\/el-dia-de-los-trabajadores-caidos-y-el-dia-nacional-de-luto-es-el-28-de-abril\/"},"modified":"2025-08-12T09:46:07","modified_gmt":"2025-08-12T13:46:07","slug":"el-dia-de-los-trabajadores-caidos-y-el-dia-nacional-de-luto-es-el-28-de-abril","status":"publish","type":"news","link":"https:\/\/www.iaff.org\/es\/news\/el-dia-de-los-trabajadores-caidos-y-el-dia-nacional-de-luto-es-el-28-de-abril\/","title":{"rendered":"El D\u00eda de los Trabajadores Ca\u00eddos y el D\u00eda Nacional de Luto es el 28 de abril."},"content":{"rendered":"<div class=\"wp-block-paragraph \">\n<p>El D\u00eda de los Trabajadores Ca\u00eddos y el D\u00eda Nacional de Luto del 28 de abril conmemoran a los trabajadores que han resultado heridos, muertos o padecen enfermedades como consecuencia de accidentes y riesgos laborales. <\/p>\n<\/div><div class=\"wp-block-paragraph \">\n<p>Este a\u00f1o, el d\u00eda adquiere un significado adicional, ya que los miembros se unen a los trabajadores estadounidenses y canadienses para honrar a los trabajadores de la salud, a los empleados de los supermercados y al personal de servicio que se une a ellos en primera l\u00ednea mientras luchan por mantener a los ciudadanos a salvo durante la pandemia de COVID-19. <\/p>\n<\/div><div class=\"wp-block-paragraph \">\n<p>El D\u00eda de los Trabajadores Ca\u00eddos del 28 de abril marca el 50 aniversario de la aprobaci\u00f3n de la Ley de Seguridad y Salud Ocupacional por el Congreso de los Estados Unidos. La ley promete a todos los trabajadores el derecho a un trabajo seguro. Desde entonces, los sindicatos han seguido luchando para a\u00f1adir m\u00e1s leyes que protejan a los trabajadores.   <\/p>\n<\/div><div class=\"wp-block-paragraph \">\n<p>El 28 de abril es tambi\u00e9n el D\u00eda de Luto canadiense. En 1984, el Congreso Laboral Canadiense (CLC) acord\u00f3 reservar este d\u00eda para reconocer la necesidad continua de adoptar un enfoque proactivo en la prevenci\u00f3n de muertes, enfermedades y lesiones en el lugar de trabajo.  <\/p>\n<\/div><div class=\"wp-block-paragraph \">\n<p>Normalmente, la AFL-CIO y el Centro Canadiense de Salud y Seguridad Ocupacional (CCOHS) animar\u00edan a los miembros del sindicato a organizar eventos que hagan hincapi\u00e9 en el cumplimiento y la creaci\u00f3n de pol\u00edticas de seguridad en el lugar de trabajo, pero debido al virus, los eventos p\u00fablicos no son posibles. Ambas organizaciones est\u00e1n fomentando eventos no tradicionales con el uso de tecnolog\u00eda virtual y otros m\u00e9todos sin contacto.  <\/p>\n<\/div><div class=\"wp-block-paragraph \">\n<p>Los recursos de la AFL-CIO para el D\u00eda de los Trabajadores Ca\u00eddos se pueden encontrar <a href=\"https:\/\/aflcio.org\/about-us\/conferences-and-events\/workers-memorial-day\" target=\"_blank\" rel=\"noreferrer noopener\">aqu\u00ed<\/a> y el D\u00eda Nacional de Luto <a href=\"https:\/\/www.ccohs.ca\/events\/mourning\/\" target=\"_blank\" rel=\"noreferrer noopener\">aqu\u00ed<\/a>.<\/p>\n<\/div>","protected":false},"featured_media":106024,"menu_order":0,"template":"","tags":[],"class_list":["post-106023","news","type-news","status-publish","has-post-thumbnail","hentry"],"acf":[],"publishpress_future_workflow_manual_trigger":{"enabledWorkflows":[]},"_links":{"self":[{"href":"https:\/\/www.iaff.org\/es\/wp-json\/wp\/v2\/news\/106023","targetHints":{"allow":["GET"]}}],"collection":[{"href":"https:\/\/www.iaff.org\/es\/wp-json\/wp\/v2\/news"}],"about":[{"href":"https:\/\/www.iaff.org\/es\/wp-json\/wp\/v2\/types\/news"}],"version-history":[{"count":0,"href":"https:\/\/www.iaff.org\/es\/wp-json\/wp\/v2\/news\/106023\/revisions"}],"wp:featuredmedia":[{"embeddable":true,"href":"https:\/\/www.iaff.org\/es\/wp-json\/wp\/v2\/media\/106024"}],"wp:attachment":[{"href":"https:\/\/www.iaff.org\/es\/wp-json\/wp\/v2\/media?parent=106023"}],"wp:term":[{"taxonomy":"post_tag","embeddable":true,"href":"https:\/\/www.iaff.org\/es\/wp-json\/wp\/v2\/tags?post=106023"}],"curies":[{"name":"wp","href":"https:\/\/api.w.org\/{rel}","templated":true}]}}