{"id":106017,"date":"2020-04-24T14:03:47","date_gmt":"2020-04-24T18:03:47","guid":{"rendered":"https:\/\/www.iaff.org\/news\/el-periodo-de-solicitud-del-programa-suplementario-afg-covid-19-se-abre-el-28-de-abril\/"},"modified":"2025-08-12T09:44:14","modified_gmt":"2025-08-12T13:44:14","slug":"el-periodo-de-solicitud-del-programa-suplementario-afg-covid-19-se-abre-el-28-de-abril","status":"publish","type":"news","link":"https:\/\/www.iaff.org\/es\/news\/el-periodo-de-solicitud-del-programa-suplementario-afg-covid-19-se-abre-el-28-de-abril\/","title":{"rendered":"El per\u00edodo de solicitud del programa suplementario AFG COVID-19 se abre el 28 de abril"},"content":{"rendered":"<div class=\"wp-block-paragraph \">\n<p>El per\u00edodo de solicitud para el <a href=\"https:\/\/www.fema.gov\/media-library\/assets\/documents\/187460\" target=\"_blank\" rel=\"noreferrer noopener\">Programa Suplementario de Asistencia a los Bomberos COVID-19<\/a> del a\u00f1o fiscal 2020 (AIB-S) comienza el 28 de abril. La fecha l\u00edmite para las solicitudes es el 15 de mayo de 2020 a las 17:00 (hora del este). Los 100 millones de d\u00f3lares en fondos disponibles ayudar\u00e1n a proporcionar equipos de protecci\u00f3n personal a los bomberos y a los equipos de primera intervenci\u00f3n que est\u00e1n gestionando emergencias durante la pandemia de coronavirus.  <\/p>\n<\/div><div class=\"wp-block-paragraph \">\n<p>Comience a planificar su solicitud ahora revisando el <a href=\"https:\/\/www.fema.gov\/media-library-data\/1587656579128-2d7da2bed0843af78c73f49cb2c4a028\/FY20_AFG_S_NOFO_final.jv_508AB.pdf\" target=\"_blank\" rel=\"noreferrer noopener\">Aviso de Oportunidad de Financiaci\u00f3n<\/a> (NOFO) y las <a href=\"https:\/\/www.fema.gov\/media-library\/assets\/documents\/187460\" target=\"_blank\" rel=\"noreferrer noopener\">herramientas de asistencia t\u00e9cnica<\/a>.<\/p>\n<\/div><div class=\"wp-block-paragraph \">\n<p>La <a href=\"https:\/\/go.fema.gov\/\" target=\"_blank\" rel=\"noreferrer noopener\">solicitud en l\u00ednea<\/a> est\u00e1 disponible a trav\u00e9s del portal de <a href=\"https:\/\/go.fema.gov\/\" target=\"_blank\" rel=\"noreferrer noopener\">solicitud<\/a> FEMA GO (FEMA Grants Outcomes) del programa AIB.<\/p>\n<\/div><div class=\"wp-block-paragraph \">\n<p>La AIB est\u00e1 disponible para ayudar y revisar su solicitud de subvenci\u00f3n hasta el 15 de mayo. P\u00f3ngase en contacto con nosotros en <a href=\"mailto:firegrants@iaff.org\">firegrants@iaff.org<\/a>. <\/p>\n<\/div>","protected":false},"featured_media":104835,"menu_order":0,"template":"","tags":[],"class_list":["post-106017","news","type-news","status-publish","has-post-thumbnail","hentry"],"acf":[],"publishpress_future_workflow_manual_trigger":{"enabledWorkflows":[]},"_links":{"self":[{"href":"https:\/\/www.iaff.org\/es\/wp-json\/wp\/v2\/news\/106017","targetHints":{"allow":["GET"]}}],"collection":[{"href":"https:\/\/www.iaff.org\/es\/wp-json\/wp\/v2\/news"}],"about":[{"href":"https:\/\/www.iaff.org\/es\/wp-json\/wp\/v2\/types\/news"}],"version-history":[{"count":0,"href":"https:\/\/www.iaff.org\/es\/wp-json\/wp\/v2\/news\/106017\/revisions"}],"wp:featuredmedia":[{"embeddable":true,"href":"https:\/\/www.iaff.org\/es\/wp-json\/wp\/v2\/media\/104835"}],"wp:attachment":[{"href":"https:\/\/www.iaff.org\/es\/wp-json\/wp\/v2\/media?parent=106017"}],"wp:term":[{"taxonomy":"post_tag","embeddable":true,"href":"https:\/\/www.iaff.org\/es\/wp-json\/wp\/v2\/tags?post=106017"}],"curies":[{"name":"wp","href":"https:\/\/api.w.org\/{rel}","templated":true}]}}