{"id":105960,"date":"2020-05-29T22:54:08","date_gmt":"2020-05-30T02:54:08","guid":{"rendered":"https:\/\/www.iaff.org\/news\/los-miembros-de-la-aib-responden-durante-los-disturbios-en-mineapolis\/"},"modified":"2025-12-03T14:55:12","modified_gmt":"2025-12-03T19:55:12","slug":"los-miembros-de-la-aib-responden-durante-los-disturbios-en-mineapolis","status":"publish","type":"news","link":"https:\/\/www.iaff.org\/es\/news\/los-miembros-de-la-aib-responden-durante-los-disturbios-en-mineapolis\/","title":{"rendered":"Los miembros de la AIB responden durante los disturbios en Mine\u00e1polis"},"content":{"rendered":"<div class=\"wp-block-paragraph \">\n<p>Despu\u00e9s de que George Floyd muriera bajo custodia policial, los disturbios civiles se han extendido por toda la ciudad de Mine\u00e1polis y a las jurisdicciones vecinas. Los miembros de la AIB est\u00e1n respondiendo a las emergencias mientras los manifestantes marchan por las calles, saqueando e incendiando. <\/p>\n<\/div><div class=\"wp-block-paragraph \">\n<p>Los miembros se han retrasado en la respuesta a los incendios en las \u00e1reas donde las protestas se han vuelto m\u00e1s violentas, ya que no es seguro hacerlo.<\/p>\n<\/div><div class=\"wp-block-paragraph \">\n<p>El presidente general Harold Schaitberger dice: \u201cAplaudo la dedicaci\u00f3n de nuestros miembros a la profesionalidad y al deber mientras responden a esta situaci\u00f3n tan peligrosa\u201d.<\/p>\n<\/div><div class=\"wp-block-paragraph \">\n<p>\u201cNuestros miembros en Minnesota han respondido a incidentes de disturbios antes, pero nada de esta magnitud\u201d, dice el vicepresidente del 5\u00ba Distrito, Thomas Thornberg. \u201cDeben seguir vigilando su seguridad hasta que terminen estos disturbios.\u201d <\/p>\n<\/div><div class=\"wp-block-paragraph \">\n<p>Como los manifestantes han estado arrojando botellas y otros objetos a los veh\u00edculos de bomberos, los miembros del Local 82 de Mine\u00e1polis no han podido responder r\u00e1pida y seguramente a muchos de los edificios incendiados.<\/p>\n<\/div><div class=\"wp-block-paragraph \">\n<p>\u201cHe respondido a desastres naturales, al colapso de un puente y a otras emergencias a gran escala, pero nunca hubo un momento en el que mi seguridad y la seguridad de otros miembros del Local 82 estuvieran en peligro como lo est\u00e1 ahora\u201d, dice el presidente del Local 82, Mark Lakosky. \u201cTengo la esperanza de que ahora que la Guardia Nacional est\u00e1 aqu\u00ed para ayudar a las fuerzas del orden, podamos ser m\u00e1s proactivos en nuestra respuesta.\u201d <\/p>\n<\/div><div class=\"wp-block-paragraph \">\n<p>Los disturbios ahora se est\u00e1n extendiendo m\u00e1s all\u00e1 de los l\u00edmites de la ciudad de Mine\u00e1polis y a los alrededores, incluyendo Saint Paul, donde al menos 40 bomberos adicionales fueron llamados el 28 de mayo para responder.<\/p>\n<\/div><div class=\"wp-block-paragraph \">\n<p>\u201cTrabajando durante la noche del 28 de mayo, nuestros miembros respondieron a m\u00e1s de 50 incendios bajo protecci\u00f3n policial. Adem\u00e1s, m\u00e1s de 150 propiedades fueron da\u00f1adas la misma noche de disturbios en nuestra ciudad. Nunca he visto algo as\u00ed\u201d, dice el presidente del Local 21, Michael Smith.<\/p>\n<\/div><div class=\"wp-block-paragraph \">\n<p>Derek Chauvin, el oficial de polic\u00eda captado en video presionando su rodilla sobre el cuello de George Floyd, ha sido despedido y acusado de asesinato en tercer grado y homicidio involuntario. Otros tres oficiales de polic\u00eda tambi\u00e9n han sido despedidos, pero los cargos est\u00e1n pendientes. <\/p>\n<\/div>","protected":false},"featured_media":105961,"menu_order":0,"template":"","tags":[],"class_list":["post-105960","news","type-news","status-publish","has-post-thumbnail","hentry"],"acf":[],"publishpress_future_workflow_manual_trigger":{"enabledWorkflows":[]},"_links":{"self":[{"href":"https:\/\/www.iaff.org\/es\/wp-json\/wp\/v2\/news\/105960","targetHints":{"allow":["GET"]}}],"collection":[{"href":"https:\/\/www.iaff.org\/es\/wp-json\/wp\/v2\/news"}],"about":[{"href":"https:\/\/www.iaff.org\/es\/wp-json\/wp\/v2\/types\/news"}],"version-history":[{"count":0,"href":"https:\/\/www.iaff.org\/es\/wp-json\/wp\/v2\/news\/105960\/revisions"}],"wp:featuredmedia":[{"embeddable":true,"href":"https:\/\/www.iaff.org\/es\/wp-json\/wp\/v2\/media\/105961"}],"wp:attachment":[{"href":"https:\/\/www.iaff.org\/es\/wp-json\/wp\/v2\/media?parent=105960"}],"wp:term":[{"taxonomy":"post_tag","embeddable":true,"href":"https:\/\/www.iaff.org\/es\/wp-json\/wp\/v2\/tags?post=105960"}],"curies":[{"name":"wp","href":"https:\/\/api.w.org\/{rel}","templated":true}]}}