{"id":105951,"date":"2020-05-27T13:45:58","date_gmt":"2020-05-27T17:45:58","guid":{"rendered":"https:\/\/www.iaff.org\/news\/la-aib-lamenta-la-perdida-del-ex-vicepresidente-del-5-o-distrito-de-la-aib-bill-jordan\/"},"modified":"2025-12-03T14:55:12","modified_gmt":"2025-12-03T19:55:12","slug":"la-aib-lamenta-la-perdida-del-ex-vicepresidente-del-5-o-distrito-de-la-aib-bill-jordan","status":"publish","type":"news","link":"https:\/\/www.iaff.org\/es\/news\/la-aib-lamenta-la-perdida-del-ex-vicepresidente-del-5-o-distrito-de-la-aib-bill-jordan\/","title":{"rendered":"La AIB lamenta la p\u00e9rdida del ex vicepresidente del 5.\u00ba Distrito de la AIB, Bill Jordan"},"content":{"rendered":"<div class=\"wp-block-paragraph \">\n<p>La AIB lamenta informar de que el ex vicepresidente del 5.\u00ba Distrito de la AIB, William \u201cBill\u201d Jordan, perdi\u00f3 su batalla contra el c\u00e1ncer el 11 de mayo. Ten\u00eda 75 a\u00f1os. <\/p>\n<\/div><div class=\"wp-block-paragraph \">\n<p>\u201cAunque han pasado muchos a\u00f1os, lo recuerdo como un valioso l\u00edder sindical y amigo\u201d, dice el presidente general Harold Schaitberger. \u201cMis pensamientos y oraciones est\u00e1n con su familia y amigos durante este dif\u00edcil momento.\u201d <\/p>\n<\/div><div class=\"wp-block-paragraph \">\n<p>\u201cMi mejor recuerdo del hermano Jordan es el tiempo que servimos juntos en el parque de bomberos\u201d, dice el vicepresidente del 5.\u00ba distrito, Thomas Thornberg. \u201cFue un gran l\u00edder y bombero. Lo echaremos de menos.\u201d <\/p>\n<\/div><div class=\"wp-block-paragraph \">\n<p>Jordan era un miembro orgulloso del Local 82 de Minneapolis, MN. Siempre queriendo hacer m\u00e1s en nombre de sus compa\u00f1eros bomberos, se desempe\u00f1\u00f3 como presidente del Local 82 antes de ser elegido vicepresidente del 5.\u00ba distrito, un cargo que ocup\u00f3 desde 1986 hasta 1990. <\/p>\n<\/div><div class=\"wp-block-paragraph \">\n<p>A Jordan le sobreviven su esposa, dos hijas, dos hermanas y su extensa familia.<\/p>\n<\/div>","protected":false},"featured_media":105952,"menu_order":0,"template":"","tags":[],"class_list":["post-105951","news","type-news","status-publish","has-post-thumbnail","hentry"],"acf":[],"publishpress_future_workflow_manual_trigger":{"enabledWorkflows":[]},"_links":{"self":[{"href":"https:\/\/www.iaff.org\/es\/wp-json\/wp\/v2\/news\/105951","targetHints":{"allow":["GET"]}}],"collection":[{"href":"https:\/\/www.iaff.org\/es\/wp-json\/wp\/v2\/news"}],"about":[{"href":"https:\/\/www.iaff.org\/es\/wp-json\/wp\/v2\/types\/news"}],"version-history":[{"count":0,"href":"https:\/\/www.iaff.org\/es\/wp-json\/wp\/v2\/news\/105951\/revisions"}],"wp:featuredmedia":[{"embeddable":true,"href":"https:\/\/www.iaff.org\/es\/wp-json\/wp\/v2\/media\/105952"}],"wp:attachment":[{"href":"https:\/\/www.iaff.org\/es\/wp-json\/wp\/v2\/media?parent=105951"}],"wp:term":[{"taxonomy":"post_tag","embeddable":true,"href":"https:\/\/www.iaff.org\/es\/wp-json\/wp\/v2\/tags?post=105951"}],"curies":[{"name":"wp","href":"https:\/\/api.w.org\/{rel}","templated":true}]}}