{"id":105722,"date":"2020-08-04T20:13:07","date_gmt":"2020-08-05T00:13:07","guid":{"rendered":"https:\/\/www.iaff.org\/news\/los-miembros-de-portland-responden-durante-peligrosas-protestas\/"},"modified":"2025-08-08T14:18:29","modified_gmt":"2025-08-08T18:18:29","slug":"los-miembros-de-portland-responden-durante-peligrosas-protestas","status":"publish","type":"news","link":"https:\/\/www.iaff.org\/es\/news\/los-miembros-de-portland-responden-durante-peligrosas-protestas\/","title":{"rendered":"Los miembros de Portland responden durante peligrosas protestas"},"content":{"rendered":"<div class=\"wp-block-paragraph \">\n<p>Las protestas por la muerte de George Floyd en mayo de 2020 y la brutalidad policial han continuado en la ciudad de Portland durante m\u00e1s de dos meses. Si bien las protestas ahora son en gran medida pac\u00edficas, varias en julio provocaron disturbios, poniendo en peligro a los miembros del Local 43 de Portland y a otro personal de seguridad p\u00fablica.  <\/p>\n<\/div><div class=\"wp-block-paragraph \">\n<p>Al principio, los miembros del Local 43 respondieron a los incendios provocados por los saqueadores. Varios miembros formaron parte de un equipo de respuesta r\u00e1pida (ERR) y se integraron con la polic\u00eda para brindar atenci\u00f3n m\u00e9dica a cualquier persona herida o lesionada durante las protestas. <br\/><br\/>\u201cQuiero felicitar a los l\u00edderes del Local 43 por mantener la cabeza fr\u00eda durante este dif\u00edcil per\u00edodo y por mantener seguros a sus miembros y ciudadanos\u201d, dice el vicepresidente del 9.\u00ba Distrito, Ray Rahne. \u201cEstoy muy orgulloso de su profesionalismo y dedicaci\u00f3n al deber.\u201d <\/p>\n<\/div><div class=\"wp-block-paragraph \">\n<p>\u201cLos miembros de nuestro equipo de ERR estaban respondiendo en un entorno muy peligroso. Los manifestantes les arrojaban proyectiles y les apuntaban con l\u00e1seres a los ojos\u201d, dice el presidente del Local 43, Alan Ferschweiler. \u201cTuvieron mucha suerte de salir ilesos sin heridas graves.\u201d  <\/p>\n<\/div><div class=\"wp-block-paragraph \">\n<p>Algunos de los veh\u00edculos y estaciones de bomberos de Portland tambi\u00e9n sufrieron da\u00f1os durante los disturbios. Pero la prioridad era la seguridad de los miembros del Local 43. <\/p>\n<\/div>","protected":false},"featured_media":105723,"menu_order":0,"template":"","tags":[],"class_list":["post-105722","news","type-news","status-publish","has-post-thumbnail","hentry"],"acf":[],"publishpress_future_workflow_manual_trigger":{"enabledWorkflows":[]},"_links":{"self":[{"href":"https:\/\/www.iaff.org\/es\/wp-json\/wp\/v2\/news\/105722","targetHints":{"allow":["GET"]}}],"collection":[{"href":"https:\/\/www.iaff.org\/es\/wp-json\/wp\/v2\/news"}],"about":[{"href":"https:\/\/www.iaff.org\/es\/wp-json\/wp\/v2\/types\/news"}],"version-history":[{"count":0,"href":"https:\/\/www.iaff.org\/es\/wp-json\/wp\/v2\/news\/105722\/revisions"}],"wp:featuredmedia":[{"embeddable":true,"href":"https:\/\/www.iaff.org\/es\/wp-json\/wp\/v2\/media\/105723"}],"wp:attachment":[{"href":"https:\/\/www.iaff.org\/es\/wp-json\/wp\/v2\/media?parent=105722"}],"wp:term":[{"taxonomy":"post_tag","embeddable":true,"href":"https:\/\/www.iaff.org\/es\/wp-json\/wp\/v2\/tags?post=105722"}],"curies":[{"name":"wp","href":"https:\/\/api.w.org\/{rel}","templated":true}]}}