{"id":105640,"date":"2020-09-09T13:35:03","date_gmt":"2020-09-09T17:35:03","guid":{"rendered":"https:\/\/www.iaff.org\/news\/recordatorio-virtual-del-monumento-a-los-bomberos-caidos-de-2020\/"},"modified":"2025-08-08T13:27:24","modified_gmt":"2025-08-08T17:27:24","slug":"recordatorio-virtual-del-monumento-a-los-bomberos-caidos-de-2020","status":"publish","type":"news","link":"https:\/\/www.iaff.org\/es\/news\/recordatorio-virtual-del-monumento-a-los-bomberos-caidos-de-2020\/","title":{"rendered":"Recordatorio virtual del monumento a los bomberos ca\u00eddos de 2020"},"content":{"rendered":"<div class=\"wp-block-paragraph \">\n<p>\u00danase a nosotros el <strong>s\u00e1bado 19 de septiembre a las 11:00 a. m. (hora de la monta\u00f1a) para nuestro Recordatorio virtual del monumento a los bomberos ca\u00eddos de 2020<\/strong> para honrar a nuestros ca\u00eddos cuyos nombres quedar\u00e1n grabados para siempre en nuestro Muro de Honor.<\/p>\n<\/div><div class=\"wp-block-paragraph \">\n<p><strong>VER:<\/strong><\/p>\n<\/div><div class=\"wp-block-paragraph \">\n<p><strong><a href=\"https:\/\/www.iaff.org\/fffm20\/\">www.iaff.org\/fffm20\/<\/a><\/strong><br\/><strong><a href=\"https:\/\/www,youtube.com\/IAFFTV\/Live\" target=\"_blank\" rel=\"noreferrer noopener\">www,youtube.com\/IAFFTV\/Live<\/a><\/strong><br\/><strong><a href=\"https:\/\/www.facebook.com\/iaffonline\" target=\"_blank\" rel=\"noreferrer noopener\">www.facebook.com\/iaffonline<\/a><\/strong><\/p>\n<\/div>\n<figure class=\"wp-block-image aligncenter size-large\"><img decoding=\"async\" src=\"https:\/\/www.iaff.org\/wp-content\/uploads\/\/Twitter_wallofhonor3-300x281.jpg\" alt=\"\"><\/figure>\n<div class=\"wp-block-paragraph \">\n<p>Se recuerda a los miembros que <strong>ning\u00fan miembro del personal de la AIB ni del Local 5 de Colorado Springs estar\u00e1 en el sitio<\/strong> el d\u00eda del recordatorio virtual de este a\u00f1o ni en los d\u00edas previos.<\/p>\n<\/div><div class=\"wp-block-paragraph \">\n<p>Si bien no nos reuniremos para este d\u00eda solemne en nuestro hermoso sitio conmemorativo en Colorado Springs, a\u00fan podemos estar juntos en solidaridad compartiendo homenajes y recordando a nuestros miembros ca\u00eddos desde ahora hasta el 19 de septiembre en las redes sociales utilizando <strong><a href=\"https:\/\/www.iaff.org\/wp-content\/uploads\/FFFMemorial-20204-scaled.jpg?link_id=0&amp;can_id=f64fc84982fba80a967f20cfe3e08344&amp;source=email-honoring-your-locals-fallen-members-3&amp;email_referrer=&amp;email_subject=2020-fallen-fire-fighter-memorial-virtual-remembrance\" target=\"_blank\" rel=\"noreferrer noopener\">nuestro gr\u00e1fico<\/a><\/strong> (que se muestra aqu\u00ed) y el hashtag <strong>#IAFFWallofHonor \u2026<\/strong> o puede crear su propio video, fotograf\u00eda, etc., e incluir la guardia de honor, gaitas y tambores, el liderazgo de la filial y la familia. Recuerde seguir las pautas de la pol\u00edtica de salud local, estatal, provincial y nacional para evitar la posible exposici\u00f3n a la COVID-19 al crear sus homenajes. <\/p>\n<\/div><div class=\"wp-block-paragraph \">\n<p>Todas nuestras familias de 2020 est\u00e1n invitadas al servicio conmemorativo de los bomberos ca\u00eddos de 2021 el 18 de septiembre de 2021 en Colorado Springs, donde recibir\u00e1n banderas y experimentar\u00e1n toda la magnitud de los honores brindados en nuestra ceremonia anual.<\/p>\n<\/div><div class=\"wp-block-paragraph \">\n<p>Todos estamos decepcionados de no poder celebrar nuestra ceremonia tradicional este a\u00f1o, pero este es el camino m\u00e1s seguro y mejor durante la pandemia de COVID-19.<\/p>\n<\/div>","protected":false},"featured_media":105641,"menu_order":0,"template":"","tags":[],"class_list":["post-105640","news","type-news","status-publish","has-post-thumbnail","hentry"],"acf":[],"publishpress_future_workflow_manual_trigger":{"enabledWorkflows":[]},"_links":{"self":[{"href":"https:\/\/www.iaff.org\/es\/wp-json\/wp\/v2\/news\/105640","targetHints":{"allow":["GET"]}}],"collection":[{"href":"https:\/\/www.iaff.org\/es\/wp-json\/wp\/v2\/news"}],"about":[{"href":"https:\/\/www.iaff.org\/es\/wp-json\/wp\/v2\/types\/news"}],"version-history":[{"count":0,"href":"https:\/\/www.iaff.org\/es\/wp-json\/wp\/v2\/news\/105640\/revisions"}],"wp:featuredmedia":[{"embeddable":true,"href":"https:\/\/www.iaff.org\/es\/wp-json\/wp\/v2\/media\/105641"}],"wp:attachment":[{"href":"https:\/\/www.iaff.org\/es\/wp-json\/wp\/v2\/media?parent=105640"}],"wp:term":[{"taxonomy":"post_tag","embeddable":true,"href":"https:\/\/www.iaff.org\/es\/wp-json\/wp\/v2\/tags?post=105640"}],"curies":[{"name":"wp","href":"https:\/\/api.w.org\/{rel}","templated":true}]}}