{"id":105607,"date":"2020-09-17T20:30:30","date_gmt":"2020-09-18T00:30:30","guid":{"rendered":"https:\/\/www.iaff.org\/news\/la-candidata-a-la-vicepresidencia-kamala-harris-en-el-lugar-de-los-incendios-forestales-de-california\/"},"modified":"2025-12-03T14:55:54","modified_gmt":"2025-12-03T19:55:54","slug":"la-candidata-a-la-vicepresidencia-kamala-harris-en-el-lugar-de-los-incendios-forestales-de-california","status":"publish","type":"news","link":"https:\/\/www.iaff.org\/es\/news\/la-candidata-a-la-vicepresidencia-kamala-harris-en-el-lugar-de-los-incendios-forestales-de-california\/","title":{"rendered":"La candidata a la vicepresidencia Kamala Harris en el lugar de los incendios forestales de California"},"content":{"rendered":"<div class=\"wp-block-paragraph \">\n<p>La candidata dem\u00f3crata a la vicepresidencia, la senadora Kamala Harris, visit\u00f3 el lugar del incendio de Creek en Fresno, California, y se reuni\u00f3 con el vicepresidente del Distrito 10, Frank Lima, el presidente del Local 753 de la ciudad de Fresno, Dean Sanders, los l\u00edderes del CAL FIRE Local 2881 y otro personal de servicios de emergencia. Harris, a quien se uni\u00f3 el gobernador de California, Gavin Newsom, fue informada sobre el progreso actual de los incendios forestales en todo el estado.<\/p>\n<\/div><div class=\"wp-block-paragraph \">\n<p>Desde el inicio de la temporada de incendios forestales de este a\u00f1o, se han quemado m\u00e1s de 1,2 millones de hect\u00e1reas y miles de estructuras, incluyendo m\u00e1s de 15 hogares de miembros de la AIB. Las temperaturas r\u00e9cord y la falta de lluvia han dificultado la contenci\u00f3n y extinci\u00f3n de estos incendios.  <\/p>\n<\/div><div class=\"wp-block-paragraph \">\n<p>La senadora Harris dijo que es necesario hacer m\u00e1s a nivel federal para aliviar las preocupaciones en torno a la magnitud de los incendios forestales. Elogi\u00f3 la profesionalidad y la dedicaci\u00f3n al deber de los miembros de la AIB, ya que trabajan turnos incre\u00edblemente largos sin descanso.  <\/p>\n<\/div>\n<figure class=\"wp-block-image aligncenter size-large\"><img decoding=\"async\" src=\"https:\/\/www.iaff.org\/wp-content\/uploads\/\/LimaHerrara-203x300.jpg\" alt=\"\"><\/figure>\n<div class=\"wp-block-paragraph \">\n<p>\u201cEst\u00e1n trabajando d\u00eda y noche sin descanso\u201d, dijo, \u201ctrabajando turnos de 90 horas, algunos de ellos, para salvar familias y propiedades.\u201d <\/p>\n<\/div><div class=\"wp-block-paragraph \">\n<p>\u201cNuestros recursos ya est\u00e1n al m\u00e1ximo de su capacidad y a\u00fan no hemos llegado a la parte m\u00e1s activa de la temporada de incendios forestales\u201d, dice el vicepresidente del 10\u00ba Distrito, Lima. \u201cLa AIB seguir\u00e1 proporcionando ayuda en caso de cat\u00e1strofe y cualquier otra asistencia cuando nuestros miembros se vean afectados personalmente\u201d.  <\/p>\n<\/div><div class=\"wp-block-paragraph \">\n<p>A\u00f1ade: \u201cPero necesitamos la ayuda de todos los niveles de gobierno para garantizar que nuestros miembros tengan lo que necesitan para combatir estos incendios de forma segura y eficaz.\u201d <\/p>\n<\/div>\n<figure class=\"wp-block-image aligncenter size-large\"><img decoding=\"async\" src=\"https:\/\/www.iaff.org\/wp-content\/uploads\/\/KamalaFireStation-300x169.jpg\" alt=\"\"><\/figure>\n<div class=\"wp-block-paragraph \">\n<p>Antes de finalizar la visita, la senadora Harris y el gobernador Newsom llevaron el almuerzo para hablar con los bomberos de servicio en la estaci\u00f3n 11 de la ciudad de Fresno. <\/p>\n<\/div>","protected":false},"featured_media":105608,"menu_order":0,"template":"","tags":[],"class_list":["post-105607","news","type-news","status-publish","has-post-thumbnail","hentry"],"acf":[],"publishpress_future_workflow_manual_trigger":{"enabledWorkflows":[]},"_links":{"self":[{"href":"https:\/\/www.iaff.org\/es\/wp-json\/wp\/v2\/news\/105607","targetHints":{"allow":["GET"]}}],"collection":[{"href":"https:\/\/www.iaff.org\/es\/wp-json\/wp\/v2\/news"}],"about":[{"href":"https:\/\/www.iaff.org\/es\/wp-json\/wp\/v2\/types\/news"}],"version-history":[{"count":0,"href":"https:\/\/www.iaff.org\/es\/wp-json\/wp\/v2\/news\/105607\/revisions"}],"wp:featuredmedia":[{"embeddable":true,"href":"https:\/\/www.iaff.org\/es\/wp-json\/wp\/v2\/media\/105608"}],"wp:attachment":[{"href":"https:\/\/www.iaff.org\/es\/wp-json\/wp\/v2\/media?parent=105607"}],"wp:term":[{"taxonomy":"post_tag","embeddable":true,"href":"https:\/\/www.iaff.org\/es\/wp-json\/wp\/v2\/tags?post=105607"}],"curies":[{"name":"wp","href":"https:\/\/api.w.org\/{rel}","templated":true}]}}