{"id":105509,"date":"2020-10-28T20:10:00","date_gmt":"2020-10-29T00:10:00","guid":{"rendered":"https:\/\/www.iaff.org\/news\/dos-miembros-de-la-aib-resultan-heridos-de-gravedad-en-un-incendio-forestal-en-california\/"},"modified":"2025-12-03T14:56:06","modified_gmt":"2025-12-03T19:56:06","slug":"dos-miembros-de-la-aib-resultan-heridos-de-gravedad-en-un-incendio-forestal-en-california","status":"publish","type":"news","link":"https:\/\/www.iaff.org\/es\/news\/dos-miembros-de-la-aib-resultan-heridos-de-gravedad-en-un-incendio-forestal-en-california\/","title":{"rendered":"Dos miembros de la AIB resultan heridos de gravedad en un incendio forestal en California"},"content":{"rendered":"<div class=\"wp-block-paragraph \">\n<p>Cientos de miembros de la AIB est\u00e1n en primera l\u00ednea del incendio de Silverado, que ha quemado casi 5.500 hect\u00e1reas y amenaza miles de hogares. Aproximadamente 90.000 residentes, incluidos varios miembros de la AIB, han sido evacuados. <\/p>\n<\/div><div class=\"wp-block-paragraph \">\n<p>Los miembros est\u00e1n trabajando para contener el fuego, pero se enfrentan a fuertes vientos. Dos miembros del Local 3631 del Condado de Orange resultaron heridos de gravedad mientras luchaban contra el incendio. Pr\u00f3ximamente se dar\u00e1n a conocer m\u00e1s detalles sobre sus lesiones.  <\/p>\n<\/div><div class=\"wp-block-paragraph \">\n<p>\u201cMientras nuestros miembros permanecen en el hospital, la AIB y el Local 3631 est\u00e1n centrando sus recursos en los miembros y sus familias\u201d, dice el Presidente General Harold Schaitberger. \u201cCuentan con todo nuestro apoyo mientras atraviesan este dif\u00edcil momento.\u201d <\/p>\n<\/div><div class=\"wp-block-paragraph \">\n<p>\u201cHe desplegado un representante de servicio de campo del distrito, un coordinador de quemaduras y personal de apoyo entre compa\u00f1eros para empezar a ayudar al Local 3631 y a nuestros miembros heridos\u201d, dice el Vicepresidente del 10\u00ba Distrito, Frank Lima. \u201cEl 10\u00ba Distrito seguir\u00e1 proporcionando recursos durante el tiempo que sean necesarios.\u201d <\/p>\n<\/div><div class=\"wp-block-paragraph \">\n<p>La Autoridad de Bomberos del Condado de Orange ha pedido al Gobernador Gavin Newsom que declare el estado de emergencia para liberar recursos estatales que ayuden con este incendio. Mientras tanto, la autoridad de bomberos ha puesto en marcha una investigaci\u00f3n sobre la causa del incendio. <\/p>\n<\/div>","protected":false},"featured_media":105510,"menu_order":0,"template":"","tags":[],"class_list":["post-105509","news","type-news","status-publish","has-post-thumbnail","hentry"],"acf":[],"publishpress_future_workflow_manual_trigger":{"enabledWorkflows":[]},"_links":{"self":[{"href":"https:\/\/www.iaff.org\/es\/wp-json\/wp\/v2\/news\/105509","targetHints":{"allow":["GET"]}}],"collection":[{"href":"https:\/\/www.iaff.org\/es\/wp-json\/wp\/v2\/news"}],"about":[{"href":"https:\/\/www.iaff.org\/es\/wp-json\/wp\/v2\/types\/news"}],"version-history":[{"count":0,"href":"https:\/\/www.iaff.org\/es\/wp-json\/wp\/v2\/news\/105509\/revisions"}],"wp:featuredmedia":[{"embeddable":true,"href":"https:\/\/www.iaff.org\/es\/wp-json\/wp\/v2\/media\/105510"}],"wp:attachment":[{"href":"https:\/\/www.iaff.org\/es\/wp-json\/wp\/v2\/media?parent=105509"}],"wp:term":[{"taxonomy":"post_tag","embeddable":true,"href":"https:\/\/www.iaff.org\/es\/wp-json\/wp\/v2\/tags?post=105509"}],"curies":[{"name":"wp","href":"https:\/\/api.w.org\/{rel}","templated":true}]}}