{"id":105472,"date":"2025-08-08T10:29:22","date_gmt":"2025-08-08T14:29:22","guid":{"rendered":"https:\/\/www.iaff.org\/news\/la-aib-pide-un-programa-nacional-para-mejorar-las-capacidades-de-respuesta-ante-emergencias-de-canada\/"},"modified":"2025-12-03T14:56:08","modified_gmt":"2025-12-03T19:56:08","slug":"la-aib-pide-un-programa-nacional-para-mejorar-las-capacidades-de-respuesta-ante-emergencias-de-canada","status":"publish","type":"news","link":"https:\/\/www.iaff.org\/es\/news\/la-aib-pide-un-programa-nacional-para-mejorar-las-capacidades-de-respuesta-ante-emergencias-de-canada\/","title":{"rendered":"La AIB solicita un programa nacional para mejorar las capacidades de respuesta ante emergencias de Canad\u00e1"},"content":{"rendered":"<section\n\t class=\"page-blocks iaff-page-blocks align wp-block-acf-page-blocks\" id=\"page-blocks_block_8d3170af221bcffd8fb949fc379cedf2\">\n\t<div class=\"acf-innerblocks-container\">\n<div class=\"wp-block-paragraph \">\n<p>Con la creciente gravedad de los incendios forestales, las inundaciones y otros desastres, la AIB est\u00e1 preparada para utilizar su experiencia y sus recursos para ayudar a mejorar la preparaci\u00f3n y la respuesta ante emergencias en todo Canad\u00e1.<\/p>\n<\/div>\n\n<div class=\"wp-block-paragraph \">\n<p>En una presentaci\u00f3n del 31 de julio al Gobierno canadiense, la AIB propuso actuar como principal facilitador de un Programa de Gesti\u00f3n de Emergencias Mejorado (EEMP, por sus siglas en ingl\u00e9s), una asociaci\u00f3n de colaboraci\u00f3n dise\u00f1ada para dotar a los bomberos y a otros servicios de respuesta ante emergencias de la formaci\u00f3n y las herramientas necesarias para reforzar las capacidades de preparaci\u00f3n y respuesta ante todo tipo de peligros, incluidos incendios, tornados, terremotos, inundaciones, tormentas de hielo, desastres a\u00e9reos y ferroviarios, y fen\u00f3menos de fuertes vientos.<\/p>\n<\/div>\n\n<div class=\"wp-block-paragraph \">\n<p>Adem\u00e1s, la AIB propuso una financiaci\u00f3n gubernamental de 2,5 millones de d\u00f3lares para la iniciativa, ampliable para satisfacer las necesidades actuales y futuras.<\/p>\n<\/div>\n\n<div class=\"wp-block-paragraph \">\n<p>La presentaci\u00f3n, realizada como parte del ejercicio anual de Consulta Pre-Presupuestaria del gobierno, tambi\u00e9n recomend\u00f3 extender los programas de capacitaci\u00f3n Respondiendo a la Interfaz (RTI) y HazMat de la AIB, que se han impartido en Canad\u00e1 desde 2023 y 2009, respectivamente, con fondos del Gobierno de Canad\u00e1. Esto incluy\u00f3 una propuesta de un mill\u00f3n de d\u00f3lares adicionales para cada programa en reconocimiento de sus funciones esenciales en el refuerzo de la preparaci\u00f3n ante emergencias. <\/p>\n<\/div>\n\n<div class=\"wp-block-paragraph \">\n<p>\u201cSe necesita un enfoque proactivo y estructurado para mejorar la resiliencia de la comunidad y para abordar oportunamente las carencias de capacidad en medio de estas crecientes amenazas\u201d, declar\u00f3 la AIB en la presentaci\u00f3n, citando los recientes desastres en todo Canad\u00e1 y una brecha entre la pol\u00edtica federal de gesti\u00f3n de emergencias y las capacidades actuales de prevenci\u00f3n, formaci\u00f3n y respuesta.<\/p>\n<\/div>\n\n<div class=\"wp-block-paragraph \">\n<p>Dirigido por expertos en la materia reconocidos a nivel mundial y en consonancia con las normas y reglamentos nacionales aplicables, el EEMP dirigido por la AIB dise\u00f1ar\u00eda e impartir\u00eda m\u00f3dulos educativos, desarrollar\u00eda un cuadro de instructores y llevar\u00eda a cabo una entrega piloto, allanando el camino para un despliegue nacional completo tanto en ingl\u00e9s como en franc\u00e9s.<\/p>\n<\/div>\n\n<div class=\"wp-block-paragraph \">\n<p>El EEMP incluir\u00eda ejercicios a gran escala de simulaci\u00f3n de cat\u00e1strofes, reservas de recursos de socorro en casos de cat\u00e1strofe con medios de transporte disponibles, m\u00f3dulos de mando regionales a gran escala, capacidades de generaci\u00f3n de energ\u00eda y purificaci\u00f3n de agua, y recursos de realojamiento para los civiles desplazados. Tambi\u00e9n establecer\u00eda equipos regionales de la Fuerza de Respuesta ante Desastres. <\/p>\n<\/div>\n\n<div class=\"wp-block-paragraph \">\n<p>\u201cAbordar los riesgos reales y crecientes a los que se enfrentan las comunidades de nuestra naci\u00f3n requiere una acci\u00f3n audaz, una resoluci\u00f3n firme y el pragmatismo esencial para una gobernanza eficaz\u201d, declar\u00f3 la AIB en su presentaci\u00f3n. \u201cYa sea la amenaza de incendios forestales o de interfaz, inundaciones, tormentas de viento, incidentes con materiales peligrosos u otros desastres que pongan en peligro vidas y propiedades, los programas de la AIB est\u00e1n dise\u00f1ados para hacer frente a estos desaf\u00edos.\u201d <\/p>\n<\/div>\n\n<div class=\"wp-block-paragraph \">\n<p>Lanzada en 2009, la Iniciativa Canadiense de Formaci\u00f3n HazMat y QBRN de la AIB ha formado con \u00e9xito a m\u00e1s de 10.000 personas de respuesta ante emergencias y otro personal clave a un nivel de respuesta reconocido, utilizando instructores de la AIB y un plan de estudios que cumple con la NFPA y est\u00e1 acreditado por la Pro Board. La formaci\u00f3n se ofrece gratuitamente a los municipios, con una contribuci\u00f3n federal actual de hasta 500.000 d\u00f3lares anuales. <\/p>\n<\/div>\n\n\n<figure class=\"wp-block-pullquote\"><blockquote><p>Estamos orgullosos del importante trabajo que nuestro sindicato ha realizado en Canad\u00e1 con nuestros programas HazMat y RTI, y estamos preparados para ayudar a llevarlo a un nuevo nivel a trav\u00e9s de un Programa de Gesti\u00f3n de Emergencias Mejorado que utiliza los programas, las personas y la experiencia de la AIB como pieza central.<\/p><cite>presidente general edward kelly<\/cite><\/blockquote><\/figure>\n\n\n<div class=\"wp-block-paragraph \">\n<p>En 2023, con el tel\u00f3n de fondo de una temporada de incendios forestales r\u00e9cord, el Gobierno canadiense anunci\u00f3 una financiaci\u00f3n de 400.000 d\u00f3lares para la capacitaci\u00f3n RTI de la AIB, que posteriormente se increment\u00f3 en 1,8 millones de d\u00f3lares para apoyar la ejecuci\u00f3n del programa hasta marzo de 2027. Hasta la fecha, cerca de 1.000 miembros de la AIB han recibido capacitaci\u00f3n RTI, incluidos cursos de formaci\u00f3n de formadores que aumentar\u00e1n significativamente el n\u00famero de bomberos equipados para proteger de forma segura y eficaz las estructuras en las zonas de interfaz urbano-forestal. <\/p>\n<\/div>\n\n<div class=\"wp-block-paragraph \">\n<p>\u201cEstamos orgullosos del importante trabajo que nuestro sindicato ha realizado en Canad\u00e1 con nuestros programas HazMat y RTI, y estamos preparados para ayudar a llevarlo a un nuevo nivel a trav\u00e9s de un Programa de Gesti\u00f3n de Emergencias Mejorado que utiliza los programas, las personas y la experiencia de la AIB como pieza central\u201d, dijo el Presidente General Edward Kelly. \u201cLa AIB est\u00e1 bien posicionada para trabajar en colaboraci\u00f3n con el gobierno para mantener a todos los canadienses a salvo frente a estas amenazas cada vez mayores.\u201d <\/p>\n<\/div>\n<\/div><\/section>\n","protected":false},"featured_media":105448,"menu_order":0,"template":"","tags":[163,161,170],"class_list":["post-105472","news","type-news","status-publish","has-post-thumbnail","hentry","tag-canada-es","tag-formacion","tag-legislacion-canada"],"acf":[],"publishpress_future_workflow_manual_trigger":{"enabledWorkflows":[]},"_links":{"self":[{"href":"https:\/\/www.iaff.org\/es\/wp-json\/wp\/v2\/news\/105472","targetHints":{"allow":["GET"]}}],"collection":[{"href":"https:\/\/www.iaff.org\/es\/wp-json\/wp\/v2\/news"}],"about":[{"href":"https:\/\/www.iaff.org\/es\/wp-json\/wp\/v2\/types\/news"}],"version-history":[{"count":0,"href":"https:\/\/www.iaff.org\/es\/wp-json\/wp\/v2\/news\/105472\/revisions"}],"wp:featuredmedia":[{"embeddable":true,"href":"https:\/\/www.iaff.org\/es\/wp-json\/wp\/v2\/media\/105448"}],"wp:attachment":[{"href":"https:\/\/www.iaff.org\/es\/wp-json\/wp\/v2\/media?parent=105472"}],"wp:term":[{"taxonomy":"post_tag","embeddable":true,"href":"https:\/\/www.iaff.org\/es\/wp-json\/wp\/v2\/tags?post=105472"}],"curies":[{"name":"wp","href":"https:\/\/api.w.org\/{rel}","templated":true}]}}