{"id":105384,"date":"2020-12-18T20:37:46","date_gmt":"2020-12-19T01:37:46","guid":{"rendered":"https:\/\/www.iaff.org\/news\/la-nueva-miniserie-cal-fire-lleva-a-los-espectadores-a-la-primera-linea-de-los-incendios-forestales-de-california\/"},"modified":"2025-08-08T09:56:51","modified_gmt":"2025-08-08T13:56:51","slug":"la-nueva-miniserie-cal-fire-lleva-a-los-espectadores-a-la-primera-linea-de-los-incendios-forestales-de-california","status":"publish","type":"news","link":"https:\/\/www.iaff.org\/es\/news\/la-nueva-miniserie-cal-fire-lleva-a-los-espectadores-a-la-primera-linea-de-los-incendios-forestales-de-california\/","title":{"rendered":"La nueva miniserie \u201cCAL FIRE\u201d lleva a los espectadores a la primera l\u00ednea de los incendios forestales de California"},"content":{"rendered":"<div class=\"wp-block-paragraph \">\n<p>Durante la hist\u00f3rica temporada de incendios de este a\u00f1o, Discovery Channel se integr\u00f3 con los bomberos de CAL FIRE para filmar seis miniepisodios en DiscoveryGO y ofrecer a los espectadores una visi\u00f3n de primera mano de algunos de los incendios m\u00e1s destructivos de California. El presidente de CAL FIRE Local 2881, Tim Edwards, fue entrevistado y puede que aparezca en un episodio. <\/p>\n<\/div><div class=\"wp-block-paragraph \">\n<p>\u201cDecidimos trabajar con Discovery porque sabemos que tienen los recursos y el valor para contar la historia de CAL FIRE\u201d, dice Edwards. \u201cLos retos y las recompensas est\u00e1n en la pantalla para que todos los puedan ver.\u201d <\/p>\n<\/div><div class=\"wp-block-paragraph \">\n<p>La nueva serie, \u201c<a href=\"https:\/\/corporate.discovery.com\/discovery-newsroom\/discovery-channel-and-cal-fire-take-viewers-to-the-frontlines-of-californias-most-desctructive-wildfire-season-in-brand-new-series-cal-fire-premiering-january-3\/\" target=\"_blank\" rel=\"noreferrer noopener\">CAL FIRE<\/a>\u201d, se estrena el 3 de enero a las 22:00 (hora del este) e incluye las experiencias de los bomberos durante el incendio de Apple en el sur de California, el incendio de Creek en el Bosque Nacional de Sierra y el incendio de El Dorado cerca del condado de San Bernardino. Los equipos de filmaci\u00f3n tuvieron que someterse a un entrenamiento de Bandera Roja y fueron equipados con equipos de protecci\u00f3n especiales para poder acompa\u00f1ar a los bomberos en las l\u00edneas de fuego. <\/p>\n<\/div><div class=\"wp-block-paragraph \">\n<p>La temporada de incendios de 2020 en California ha sido catastr\u00f3fica, con m\u00e1s de 1,6 millones de hect\u00e1reas quemadas, 9400 viviendas y estructuras destruidas y 33 vidas perdidas hasta la fecha. Los hombres y mujeres de CAL FIRE que luchan en primera l\u00ednea contra estos incendios no pudieron volver a casa con sus familias durante semanas, ya que constantemente antepusieron las necesidades del p\u00fablico a las suyas propias, y es probable que lo peor est\u00e9 por llegar, ya que se encuentran en medio de una impredecible temporada de vientos de Santa Ana. <\/p>\n<\/div><div class=\"wp-block-paragraph \">\n<p>Siga a Discovery en <a href=\"https:\/\/www.facebook.com\/Discovery\" target=\"_blank\" rel=\"noreferrer noopener\">Facebook<\/a>, <a href=\"https:\/\/twitter.com\/Discovery\" target=\"_blank\" rel=\"noreferrer noopener\">Twitter<\/a> e <a href=\"https:\/\/instagram.com\/Discovery\" target=\"_blank\" rel=\"noreferrer noopener\">Instagram <\/a>para las \u00faltimas actualizaciones.<\/p>\n<\/div>","protected":false},"featured_media":105385,"menu_order":0,"template":"","tags":[],"class_list":["post-105384","news","type-news","status-publish","has-post-thumbnail","hentry"],"acf":[],"publishpress_future_workflow_manual_trigger":{"enabledWorkflows":[]},"_links":{"self":[{"href":"https:\/\/www.iaff.org\/es\/wp-json\/wp\/v2\/news\/105384","targetHints":{"allow":["GET"]}}],"collection":[{"href":"https:\/\/www.iaff.org\/es\/wp-json\/wp\/v2\/news"}],"about":[{"href":"https:\/\/www.iaff.org\/es\/wp-json\/wp\/v2\/types\/news"}],"version-history":[{"count":0,"href":"https:\/\/www.iaff.org\/es\/wp-json\/wp\/v2\/news\/105384\/revisions"}],"wp:featuredmedia":[{"embeddable":true,"href":"https:\/\/www.iaff.org\/es\/wp-json\/wp\/v2\/media\/105385"}],"wp:attachment":[{"href":"https:\/\/www.iaff.org\/es\/wp-json\/wp\/v2\/media?parent=105384"}],"wp:term":[{"taxonomy":"post_tag","embeddable":true,"href":"https:\/\/www.iaff.org\/es\/wp-json\/wp\/v2\/tags?post=105384"}],"curies":[{"name":"wp","href":"https:\/\/api.w.org\/{rel}","templated":true}]}}