{"id":105354,"date":"2021-01-07T20:14:52","date_gmt":"2021-01-08T01:14:52","guid":{"rendered":"https:\/\/www.iaff.org\/news\/declaracion-de-la-aib-sobre-el-inquietante-incidente-en-el-capitolio-de-ee-uu\/"},"modified":"2025-12-03T14:56:21","modified_gmt":"2025-12-03T19:56:21","slug":"declaracion-de-la-aib-sobre-el-inquietante-incidente-en-el-capitolio-de-ee-uu","status":"publish","type":"news","link":"https:\/\/www.iaff.org\/es\/news\/declaracion-de-la-aib-sobre-el-inquietante-incidente-en-el-capitolio-de-ee-uu\/","title":{"rendered":"Declaraci\u00f3n de la AIB sobre el inquietante incidente en el Capitolio de EE. UU."},"content":{"rendered":"<div class=\"wp-block-paragraph \">\n<p>El ataque de ayer contra el Capitolio de los Estados Unidos por una turba llevada al frenes\u00ed por la demagogia y las acciones irresponsables del presidente en ejercicio de los Estados Unidos fue un ataque contra los cimientos institucionales de nuestra naci\u00f3n.<\/p>\n<\/div><div class=\"wp-block-paragraph \">\n<p>El derecho a la libertad de expresi\u00f3n y reuni\u00f3n es un derecho fundamental en una naci\u00f3n construida sobre el orden p\u00fablico, sin embargo, una turba enfurecida decidida a detener el proceso de una elecci\u00f3n libre y justa debe ser denunciada por lo que es: insurrecci\u00f3n.<\/p>\n<\/div><div class=\"wp-block-paragraph \">\n<p>No hay lugar para acciones sediciosas como las que presenciamos ayer.<\/p>\n<\/div><div class=\"wp-block-paragraph \">\n<p>El frenes\u00ed ilegal cost\u00f3 la vida a algunos de nuestros conciudadanos estadounidenses. Aquellos que participaron deben responder ante las leyes de nuestra naci\u00f3n por las vidas que tomaron sus acciones y el da\u00f1o que causaron a nuestra democracia. <\/p>\n<\/div>","protected":false},"featured_media":102160,"menu_order":0,"template":"","tags":[],"class_list":["post-105354","news","type-news","status-publish","has-post-thumbnail","hentry"],"acf":[],"publishpress_future_workflow_manual_trigger":{"enabledWorkflows":[]},"_links":{"self":[{"href":"https:\/\/www.iaff.org\/es\/wp-json\/wp\/v2\/news\/105354","targetHints":{"allow":["GET"]}}],"collection":[{"href":"https:\/\/www.iaff.org\/es\/wp-json\/wp\/v2\/news"}],"about":[{"href":"https:\/\/www.iaff.org\/es\/wp-json\/wp\/v2\/types\/news"}],"version-history":[{"count":0,"href":"https:\/\/www.iaff.org\/es\/wp-json\/wp\/v2\/news\/105354\/revisions"}],"wp:featuredmedia":[{"embeddable":true,"href":"https:\/\/www.iaff.org\/es\/wp-json\/wp\/v2\/media\/102160"}],"wp:attachment":[{"href":"https:\/\/www.iaff.org\/es\/wp-json\/wp\/v2\/media?parent=105354"}],"wp:term":[{"taxonomy":"post_tag","embeddable":true,"href":"https:\/\/www.iaff.org\/es\/wp-json\/wp\/v2\/tags?post=105354"}],"curies":[{"name":"wp","href":"https:\/\/api.w.org\/{rel}","templated":true}]}}