{"id":105343,"date":"2021-01-11T21:02:10","date_gmt":"2021-01-12T02:02:10","guid":{"rendered":"https:\/\/www.iaff.org\/news\/la-fsppff-celebra-elecciones-de-oficiales\/"},"modified":"2025-08-08T09:25:42","modified_gmt":"2025-08-08T13:25:42","slug":"la-fsppff-celebra-elecciones-de-oficiales","status":"publish","type":"news","link":"https:\/\/www.iaff.org\/es\/news\/la-fsppff-celebra-elecciones-de-oficiales\/","title":{"rendered":"La FSPPFF celebra elecciones de oficiales"},"content":{"rendered":"<div class=\"wp-block-paragraph \">\n<p>La Federaci\u00f3n de Bomberos Profesionales Estatales y Provinciales (FSPPFF) celebr\u00f3 sus elecciones de oficiales por correo y presentaci\u00f3n virtual en diciembre.<\/p>\n<\/div><div class=\"wp-block-paragraph \">\n<p>Dos oficiales, el presidente Pete Carozza (Bomberos Profesionales Uniformados de Connecticut) y el vicepresidente Bobby Lee (Asociaci\u00f3n de Bomberos del Estado de Haw\u00e1i), fueron reelegidos para sus cargos. El secretario-tesorero de la Asociaci\u00f3n de Bomberos del Estado de Texas (TSAFF), Brandon Day, fue elegido secretario-tesorero de la FSPPFF, un puesto que dej\u00f3 vacante el secretario-tesorero de los Bomberos Asociados de Illinois, Tom Roate, quien decidi\u00f3 no presentarse a la reelecci\u00f3n. <\/p>\n<\/div><div class=\"wp-block-paragraph \">\n<p>\u201cEl hermano Day llega a nuestra junta ejecutiva con una gran cantidad de conocimientos y experiencia\u201d, dice Carozza. \u201cS\u00e9 que ser\u00e1 un gran activo y estoy deseando trabajar con \u00e9l.\u201d <\/p>\n<\/div><div class=\"wp-block-paragraph \">\n<p>Day tambi\u00e9n es representante de servicio de campo del distrito 11 y vicepresidente del Local 1293 de Garland, TX. Tambi\u00e9n es miembro del equipo de respuesta ante desastres de la AIB. <\/p>\n<\/div><div class=\"wp-block-paragraph \">\n<p>\u201cLa FSPPFF ha servido como un gran recurso para que todos nosotros nos mantengamos informados sobre los problemas que afectan al servicio de bomberos y c\u00f3mo se pueden abordar mejor\u201d, dice Day. \u201cEstoy deseando formar parte del proceso.\u201d <\/p>\n<\/div><div class=\"wp-block-paragraph \">\n<p>La FSPPFF se re\u00fane peri\u00f3dicamente para intercambiar informaci\u00f3n legislativa, acci\u00f3n pol\u00edtica y temas de actualidad que afectan a los bomberos en los estados y provincias, y para proporcionar un medio para una relaci\u00f3n y coordinaci\u00f3n m\u00e1s estrechas entre las asociaciones estatales y provinciales.<\/p>\n<\/div><div class=\"wp-block-paragraph \">\n<p>La pr\u00f3xima reuni\u00f3n est\u00e1 programada para mayo de 2021 en Oklahoma City.<\/p>\n<\/div>","protected":false},"featured_media":105344,"menu_order":0,"template":"","tags":[],"class_list":["post-105343","news","type-news","status-publish","has-post-thumbnail","hentry"],"acf":[],"publishpress_future_workflow_manual_trigger":{"enabledWorkflows":[]},"_links":{"self":[{"href":"https:\/\/www.iaff.org\/es\/wp-json\/wp\/v2\/news\/105343","targetHints":{"allow":["GET"]}}],"collection":[{"href":"https:\/\/www.iaff.org\/es\/wp-json\/wp\/v2\/news"}],"about":[{"href":"https:\/\/www.iaff.org\/es\/wp-json\/wp\/v2\/types\/news"}],"version-history":[{"count":0,"href":"https:\/\/www.iaff.org\/es\/wp-json\/wp\/v2\/news\/105343\/revisions"}],"wp:featuredmedia":[{"embeddable":true,"href":"https:\/\/www.iaff.org\/es\/wp-json\/wp\/v2\/media\/105344"}],"wp:attachment":[{"href":"https:\/\/www.iaff.org\/es\/wp-json\/wp\/v2\/media?parent=105343"}],"wp:term":[{"taxonomy":"post_tag","embeddable":true,"href":"https:\/\/www.iaff.org\/es\/wp-json\/wp\/v2\/tags?post=105343"}],"curies":[{"name":"wp","href":"https:\/\/api.w.org\/{rel}","templated":true}]}}