{"id":105298,"date":"2021-01-28T17:10:14","date_gmt":"2021-01-28T22:10:14","guid":{"rendered":"https:\/\/www.iaff.org\/news\/el-plazo-de-solicitud-de-la-subvencion-para-la-prevencion-y-seguridad-contra-incendios-fps-del-ano-fiscal-2020-finaliza-el-26-de-febrero\/"},"modified":"2025-08-07T20:48:55","modified_gmt":"2025-08-08T00:48:55","slug":"el-plazo-de-solicitud-de-la-subvencion-para-la-prevencion-y-seguridad-contra-incendios-fps-del-ano-fiscal-2020-finaliza-el-26-de-febrero","status":"publish","type":"news","link":"https:\/\/www.iaff.org\/es\/news\/el-plazo-de-solicitud-de-la-subvencion-para-la-prevencion-y-seguridad-contra-incendios-fps-del-ano-fiscal-2020-finaliza-el-26-de-febrero\/","title":{"rendered":"El plazo de solicitud de la subvenci\u00f3n para la prevenci\u00f3n y seguridad contra incendios (FP&amp;S) del a\u00f1o fiscal 2020 finaliza el 26 de febrero"},"content":{"rendered":"<div class=\"wp-block-paragraph \">\n<p>El plazo de solicitud de la subvenci\u00f3n para la prevenci\u00f3n y seguridad contra incendios (FP&amp;S) del a\u00f1o fiscal 2020 es del 25 de enero al 26 de febrero de 2021.<\/p>\n<\/div><div class=\"wp-block-paragraph \">\n<p>Las subvenciones FP&amp;S forman parte del programa de subvenciones de Asistencia a los Bomberos (AFG) y apoyan proyectos que mejoran la seguridad del p\u00fablico y de los bomberos frente a incendios y peligros relacionados.<\/p>\n<\/div><div class=\"wp-block-paragraph \">\n<p>El programa FP&amp;S proporciona recursos de necesidad cr\u00edtica para llevar a cabo la educaci\u00f3n y capacitaci\u00f3n en prevenci\u00f3n de incendios, la aplicaci\u00f3n del c\u00f3digo de incendios, la investigaci\u00f3n de incendios\/provocaci\u00f3n de incendios, la programaci\u00f3n de seguridad y salud de los bomberos, los esfuerzos de prevenci\u00f3n y la investigaci\u00f3n y el desarrollo.<\/p>\n<\/div><div class=\"wp-block-paragraph \">\n<p><a href=\"https:\/\/u1584542.ct.sendgrid.net\/ss\/c\/atcYNHk4Eh2YdGnwBh-YDH2P8qQQYErDLlga7kx77b5EGELYEFq6YuvZ8rjya_bPoK6ccRANHUgJE-NMFDaFHIdg2LZLn6osOoru_UNzYtHWJve-vIocriCDLVtyKPeh5QxOrNYBoxhdU1hrgwNCNXGMzAIhXnqQHJEa41sAXZXyiq7GzDRJPne4PeT96zBgOvkdHbsAi--_D5hlWC9F6aliWiPb7Ke9blnHnF3sKkCfH-Z2mWpwwrxFPEabWs8-s08wKRVMAZWT3vdgAqVxXBqW2aNyB9aMcXpa5tbOA2ui_5PSilacygGTKpk1z5ct3kRK4mGg-X3VYDVmyaHyDU4OIkviVFqtsCDxrx0oQvzFaXuDCjKyh-Y6hpDyUQ1GQOBc155v-C7W1apg2CfmadVHe9TU2Pl0oAKNHaJC1sU\/38y\/tKm99u5ITfuOp4CKr_3ahg\/h0\/M6uGzW5ufXV1GXnDP8xsLprLLK00pTqeSyJwv3s93DM\" target=\"_blank\" rel=\"noreferrer noopener\">Obtenga m\u00e1s informaci\u00f3n<\/a> sobre el proceso de solicitud de FP&amp;S, as\u00ed como los recursos que le ayudar\u00e1n a preparar su solicitud. <strong>La fecha l\u00edmite para las solicitudes es el 26 de febrero a las 17:00 (hora del este).<\/strong><\/p>\n<\/div><div class=\"wp-block-paragraph \">\n<p>Para obtener ayuda adicional, incluida la orientaci\u00f3n para preparar su solicitud o una revisi\u00f3n de su solicitud antes de presentarla, p\u00f3ngase en contacto con el <a href=\"https:\/\/u1584542.ct.sendgrid.net\/ss\/c\/atcYNHk4Eh2YdGnwBh-YDGDn2mqx8YhPq8lnkEKppdXh23vonl6EWbrXSgo5DGAYqE6CBwXT3-ju3E9uw4tJ-au_O2TSJhmoEEo_BSPz3IJLE2Jyz6nUEq81E8J0HBVwTTlkJO0gdqTg0-CjLJYfDmlL-H-JIhLND-6EmzqpmWfQM8yalGxKWb3o5dm0xCmnYy9voWn0dlI3VhoXnUoibjEYqmm61DshqCzaVr5xwUexAc_SH5wdj_G1HYNVLCVKdJFJL-NOxgop02LCfPQ5qido6PY_hiY32rbOkYMoDTj02vj8_DzKrkcyF0ELuvOE4qocwRaQCVhXVRjwAHcts9-JAQw3ctqXhxuYx1X8_2ieFOmPibRlnl6U2d9ux_as\/38y\/tKm99u5ITfuOp4CKr_3ahg\/h1\/Y6851UIByuGmy7epb2FoqQ1sIst_YcjvE8e8vCJ2V8k\" target=\"_blank\" rel=\"noreferrer noopener\">Departamento de Administraci\u00f3n de Subvenciones de la AIB<\/a> en <a href=\"mailto:firegrants@iaff.org\" target=\"_blank\" rel=\"noreferrer noopener\">firegrants@iaff.org<\/a> o en el (202) 824-1575. Podemos proporcionar orientaci\u00f3n espec\u00edfica para las siguientes actividades de FP&amp;S (tenga en cuenta que los solicitantes pueden solicitar hasta tres proyectos separados dentro de esta actividad). <\/p>\n<\/div><div class=\"wp-block-list\">\n<ul class=\"wp-block-list\">\n<li>Reducci\u00f3n del riesgo comunitario (alarmas de humo, concienciaci\u00f3n sobre rociadores, evaluaciones de riesgos, educaci\u00f3n p\u00fablica, capacitaci\u00f3n, prevenci\u00f3n\/concienciaci\u00f3n general, proyectos para j\u00f3venes incendiarios)<\/li>\n\n\n\n<li>Reducci\u00f3n del riesgo de incendios forestales<\/li>\n\n\n\n<li>Aplicaci\u00f3n\/concienciaci\u00f3n sobre el c\u00f3digo<\/li>\n\n\n\n<li>Investigaci\u00f3n de incendios y provocaci\u00f3n de incendios<\/li>\n\n\n\n<li>Programas y proyectos nacionales\/estatales\/regionales<\/li>\n<\/ul>\n<\/div><div class=\"wp-block-paragraph \">\n<p>Tenga en cuenta que los cambios clave en el programa de subvenciones del a\u00f1o fiscal 2020 incluyen:<\/p>\n<\/div><div class=\"wp-block-list\">\n<ul class=\"wp-block-list\">\n<li>En la secci\u00f3n E \u2013 Informaci\u00f3n sobre la revisi\u00f3n de la solicitud<div class=\"wp-block-list\">\n<ul class=\"wp-block-list\">\n<li>Los solicitantes del departamento de bomberos que puedan demostrar su compromiso y postura proactiva para reducir el riesgo de incendio recibir\u00e1n una mayor consideraci\u00f3n<\/li>\n\n\n\n<li>Nuevos t\u00e9rminos y condiciones de investigaci\u00f3n<\/li>\n<\/ul>\n<\/div><\/li>\n\n\n\n<li>En las secciones D \u2013 Informaci\u00f3n sobre la solicitud y la presentaci\u00f3n; E \u2013 Informaci\u00f3n sobre la revisi\u00f3n de la solicitud; F \u2013 Informaci\u00f3n sobre la administraci\u00f3n de la adjudicaci\u00f3n federal; G \u2013 Informaci\u00f3n de contacto y recursos de la agencia de adjudicaci\u00f3n del DHS; y H \u2013 Informaci\u00f3n adicional:<div class=\"wp-block-list\">\n<ul class=\"wp-block-list\">\n<li>Varios cambios en la gesti\u00f3n de subvenciones debido a las recientes revisiones de la Oficina de Administraci\u00f3n y Presupuesto (OMB) a 2 C.F.R., en particular con respecto al registro en el Sistema de Gesti\u00f3n de Adjudicaciones (SAM), las medidas de rendimiento, la adquisici\u00f3n, el cierre y la rescisi\u00f3n<\/li>\n<\/ul>\n<\/div><\/li>\n\n\n\n<li>En las definiciones de apoyo:<div class=\"wp-block-list\">\n<ul class=\"wp-block-list\">\n<li>Se agregaron definiciones para la Autoridad con Jurisdicci\u00f3n, el Departamento de Bomberos Profesional, el Departamento de Bomberos Combinado, el Sujeto Humano, las Organizaciones de Inter\u00e9s, la Primera Intervenci\u00f3n Primaria, la Investigaci\u00f3n y el Departamento de Bomberos Voluntarios<\/li>\n<\/ul>\n<\/div><\/li>\n\n\n\n<li>En programas y proyectos nacionales\/estatales\/regionales:<div class=\"wp-block-list\">\n<ul class=\"wp-block-list\">\n<li>Nueva orientaci\u00f3n con respecto a los sujetos humanos<\/li>\n<\/ul>\n<\/div><\/li>\n\n\n\n<li>En proyectos regionales:<div class=\"wp-block-list\">\n<ul class=\"wp-block-list\">\n<li>Se agreg\u00f3 orientaci\u00f3n con respecto a los proyectos regionales<\/li>\n<\/ul>\n<\/div><\/li>\n\n\n\n<li>En Preservaci\u00f3n Ambiental e Hist\u00f3rica (EHP)<div class=\"wp-block-list\">\n<ul class=\"wp-block-list\">\n<li>Proceso actualizado para EHP<\/li>\n<\/ul>\n<\/div><\/li>\n\n\n\n<li>Under Ineligible Costs and Items for FP&amp;S Activity<div class=\"wp-block-list\">\n<ul class=\"wp-block-list\">\n<li>Se agregaron los sistemas de alerta de intrusos y los sistemas de notificaci\u00f3n de despliegue como no elegibles<\/li>\n<\/ul>\n<\/div><\/li>\n\n\n\n<li>En Informaci\u00f3n sobre la administraci\u00f3n de la adjudicaci\u00f3n (Ap\u00e9ndice C):<div class=\"wp-block-list\">\n<ul class=\"wp-block-list\">\n<li>Proceso actualizado para la exenci\u00f3n por dificultades econ\u00f3micas<\/li>\n<\/ul>\n<\/div><\/li>\n\n\n\n<li>Se agreg\u00f3 la lista de documentaci\u00f3n de respaldo para las solicitudes de pago anticipado y reembolso<\/li>\n<\/ul>\n<\/div>","protected":false},"featured_media":105289,"menu_order":0,"template":"","tags":[],"class_list":["post-105298","news","type-news","status-publish","has-post-thumbnail","hentry"],"acf":[],"publishpress_future_workflow_manual_trigger":{"enabledWorkflows":[]},"_links":{"self":[{"href":"https:\/\/www.iaff.org\/es\/wp-json\/wp\/v2\/news\/105298","targetHints":{"allow":["GET"]}}],"collection":[{"href":"https:\/\/www.iaff.org\/es\/wp-json\/wp\/v2\/news"}],"about":[{"href":"https:\/\/www.iaff.org\/es\/wp-json\/wp\/v2\/types\/news"}],"version-history":[{"count":0,"href":"https:\/\/www.iaff.org\/es\/wp-json\/wp\/v2\/news\/105298\/revisions"}],"wp:featuredmedia":[{"embeddable":true,"href":"https:\/\/www.iaff.org\/es\/wp-json\/wp\/v2\/media\/105289"}],"wp:attachment":[{"href":"https:\/\/www.iaff.org\/es\/wp-json\/wp\/v2\/media?parent=105298"}],"wp:term":[{"taxonomy":"post_tag","embeddable":true,"href":"https:\/\/www.iaff.org\/es\/wp-json\/wp\/v2\/tags?post=105298"}],"curies":[{"name":"wp","href":"https:\/\/api.w.org\/{rel}","templated":true}]}}