{"id":105294,"date":"2021-02-01T18:30:00","date_gmt":"2021-02-01T23:30:00","guid":{"rendered":"https:\/\/www.iaff.org\/news\/el-mes-de-concienciacion-sobre-el-cancer-de-los-bomberos-termina-con-una-promesa\/"},"modified":"2025-08-13T10:07:17","modified_gmt":"2025-08-13T14:07:17","slug":"el-mes-de-concienciacion-sobre-el-cancer-de-los-bomberos-termina-con-una-promesa","status":"publish","type":"news","link":"https:\/\/www.iaff.org\/es\/news\/el-mes-de-concienciacion-sobre-el-cancer-de-los-bomberos-termina-con-una-promesa\/","title":{"rendered":"El mes de concienciaci\u00f3n sobre el c\u00e1ncer de los bomberos termina con una promesa"},"content":{"rendered":"<div class=\"wp-block-paragraph \">\n<p>El primer <a href=\"https:\/\/www.iaff.org\/es\/mes-de-concientizacion-sobre-el-cancer-en-bomberos\/\">Mes de Concienciaci\u00f3n sobre el C\u00e1ncer de los Bomberos<\/a> de la AIB y la FCSN ha terminado, pero nuestro trabajo est\u00e1 lejos de haber concluido. Animamos a aquellos que no pudieron comprometerse a las pausas de seguridad en el mes de enero a programar una (o m\u00e1s). <\/p>\n<\/div><div class=\"wp-block-paragraph \">\n<p>Para consolidar a\u00fan m\u00e1s su compromiso continuo con la prevenci\u00f3n del c\u00e1ncer ocupacional de los bomberos, le invitamos a firmar la <a href=\"https:\/\/www.change.org\/FirefighterCancerPledge\" target=\"_blank\" rel=\"noreferrer noopener\">promesa en l\u00ednea<\/a> y le animamos a utilizar la secci\u00f3n Raz\u00f3n para firmar para honrar a aquellos que hemos perdido o que actualmente est\u00e1n luchando contra el c\u00e1ncer ocupacional.<\/p>\n<\/div><div class=\"wp-block-paragraph \">\n<p>Utilice la <a href=\"https:\/\/www.iaff.org\/wp-content\/uploads\/CancerAwarenessMonth_FBprofile_v2.jpg\">foto de He firmado la promesa<\/a> como foto de perfil de Facebook o como publicaci\u00f3n en Instagram o Twitter con el <a href=\"https:\/\/www.change.org\/FirefighterCancerPledge\" rel=\"noreferrer noopener\" target=\"_blank\">enlace<\/a> a nuestro sitio de promesas (y el hashtag #FightFFCancer) para animar a otros a firmar la promesa.<\/p>\n<\/div>","protected":false},"featured_media":105295,"menu_order":0,"template":"","tags":[],"class_list":["post-105294","news","type-news","status-publish","has-post-thumbnail","hentry"],"acf":[],"publishpress_future_workflow_manual_trigger":{"enabledWorkflows":[]},"_links":{"self":[{"href":"https:\/\/www.iaff.org\/es\/wp-json\/wp\/v2\/news\/105294","targetHints":{"allow":["GET"]}}],"collection":[{"href":"https:\/\/www.iaff.org\/es\/wp-json\/wp\/v2\/news"}],"about":[{"href":"https:\/\/www.iaff.org\/es\/wp-json\/wp\/v2\/types\/news"}],"version-history":[{"count":0,"href":"https:\/\/www.iaff.org\/es\/wp-json\/wp\/v2\/news\/105294\/revisions"}],"wp:featuredmedia":[{"embeddable":true,"href":"https:\/\/www.iaff.org\/es\/wp-json\/wp\/v2\/media\/105295"}],"wp:attachment":[{"href":"https:\/\/www.iaff.org\/es\/wp-json\/wp\/v2\/media?parent=105294"}],"wp:term":[{"taxonomy":"post_tag","embeddable":true,"href":"https:\/\/www.iaff.org\/es\/wp-json\/wp\/v2\/tags?post=105294"}],"curies":[{"name":"wp","href":"https:\/\/api.w.org\/{rel}","templated":true}]}}