{"id":105288,"date":"2021-02-04T18:26:53","date_gmt":"2021-02-04T23:26:53","guid":{"rendered":"https:\/\/www.iaff.org\/news\/el-plazo-de-solicitud-de-la-subvencion-safer-del-af-2020-se-abre-el-8-de-febrero\/"},"modified":"2025-08-07T15:27:27","modified_gmt":"2025-08-07T19:27:27","slug":"el-plazo-de-solicitud-de-la-subvencion-safer-del-af-2020-se-abre-el-8-de-febrero","status":"publish","type":"news","link":"https:\/\/www.iaff.org\/es\/news\/el-plazo-de-solicitud-de-la-subvencion-safer-del-af-2020-se-abre-el-8-de-febrero\/","title":{"rendered":"El plazo de solicitud de la subvenci\u00f3n SAFER del AF 2020 se abre el 8 de febrero"},"content":{"rendered":"<div class=\"wp-block-paragraph \">\n<p>El plazo de solicitud de la subvenci\u00f3n Staffing for Adequate Fire and Emergency Response (SAFER) del AF 2020 se abrir\u00e1 el lunes 8 de febrero. La fecha l\u00edmite para las solicitudes es el viernes 12 de marzo a las 17:00 (hora del este). Todos los departamentos de bomberos profesionales, mixtos y voluntarios pueden presentar su solicitud.  <\/p>\n<\/div><div class=\"wp-block-paragraph \">\n<p>El programa de subvenciones SAFER se cre\u00f3 para proporcionar financiaci\u00f3n directamente a los departamentos de bomberos para ayudar a aumentar o mantener el n\u00famero de bomberos capacitados de primera l\u00ednea disponibles en sus comunidades.<\/p>\n<\/div><div class=\"wp-block-paragraph \">\n<p><a href=\"https:\/\/u1584542.ct.sendgrid.net\/ss\/c\/atcYNHk4Eh2YdGnwBh-YDH2P8qQQYErDLlga7kx77b5EGELYEFq6YuvZ8rjya_bPoK6ccRANHUgJE-NMFDaFHPf0Spm1byI6z84VY106PKpjneH87ZqjtBiakj9xOvFYzHIRxvi_7gWFZ5YA6UhLSgq3IISE5n0FgLnR4mvqdiyvsvhxQUUwxfsS57wQRlAg20bH_k2aEyr1EAqLoNEZkDIYK8z997A8otKWu6Q9rXwywJ1RLrFZZaFdkaq-e9ASCJZR4JKwthTZHohMHxL_-QXm5BXeL2Zsj25PwX-8CGwb98D3jriv-mmfV-edQJzQuySIW-tON45Hk_PO1BJnBS6KzTyeo79x3aCue_GbgNmyWVkhg-N-FomR5MUsgNIC\/395\/_M_OYAi9QdaWeebhe5SURA\/h0\/pR2VoYU4hZz6YHciO8RHHWOv5TF9N6VmReqg_la2PXY\" target=\"_blank\" rel=\"noreferrer noopener\">Obtenga m\u00e1s informaci\u00f3n<\/a> sobre el proceso de solicitud de SAFER, as\u00ed como recursos para ayudarle a preparar su solicitud, incluyendo una <a href=\"https:\/\/u1584542.ct.sendgrid.net\/ss\/c\/nIATlT34azO8Uq6tATWtxHEAK59rQ6nRK8XY2YsxkjMvHtCRr5zd7LKwt1yhQs8hA8WeYTlUrv5mU9VeUCDlnFAZANl-jfbfewKJw4fN-9In6VTKAUveYOnuQ5H6c7ljJYyRules_UB_ezV_aIU9xl1riUDumr3HjthJz1EpZpf_YWh72gsDMcZ5R8Edm_ZxgVC2cSQ3CjO8EPkc97WRS8ng9VBMAXHzHMlwDya36Hca-SGCN6SN-6DXJDDX4mlm19r03Nub6PX6rLKcdSfaqH6CFWQB5CiO7W7wAK9IfhUyQ38JA8l23ZGQqYJsYLE53ja2dux8fCx5b8wOLG5CaFAsUnVQqqU03G2zIrkHL9P6L2uW0wKotIpHZdT5v8Pm2brT4yGMBXFpG-Ycpz6-VGCXsZK4BjJmr3ItOGV5ZgUyIltcYT5E0hHYnlj1fPdHel-YAOiJVZA4a6_XSTrZn7YX1K4UCVWm3In7D1RoKFHTHQrRMnKjpzQv1o-0Mf_2YGmzXlnwcWwvD-I9ZdP_HTdilBjev-jG45-8e4mLIyf27sZWqNzHYYpSKS8Fr-wrzGTfdLelF_Iv6g6RnN1msThlWZae-SoDIlx1R3Xnp5cYsUBEh8PNopbU4Bqm_arBO3QQUhLPH_JB_rYmLCyYav_WnPP80jBV5iRlPqBDK_w\/395\/_M_OYAi9QdaWeebhe5SURA\/h1\/f08WVOTIZDxnlE8vvJSPc-zoSyxqci3i7XKikqh0_OE\" target=\"_blank\" rel=\"noreferrer noopener\">serie de seminarios web en directo<\/a> muy beneficiosa con <em>actividades de captaci\u00f3n y retenci\u00f3n<\/em> (9, 17 y 23 de febrero) y <em>contrataci\u00f3n de bomberos<\/em> (10, 18 y 25 de febrero).<\/p>\n<\/div><div class=\"wp-block-paragraph \">\n<p><strong>Resumen de la contrataci\u00f3n<\/strong>: Permite a los departamentos de bomberos profesionales, mixtos y voluntarios mejorar o restaurar los niveles de personal para los bomberos de primera l\u00ednea para un nivel de respuesta m\u00e1s eficaz proporcionando asistencia financiera en tres categor\u00edas:<\/p>\n<\/div><div class=\"wp-block-list\">\n<ul class=\"wp-block-list\">\n<li>Recontrataci\u00f3n: Recontrataci\u00f3n de bomberos que hayan sido despedidos en los dos a\u00f1os anteriores al inicio del per\u00edodo de solicitud.<\/li>\n\n\n\n<li>Retenci\u00f3n: Retenci\u00f3n de bomberos que se enfrentan a un despido inminente, dentro de los 120 d\u00edas siguientes al cierre del per\u00edodo de solicitud.<\/li>\n\n\n\n<li>Nueva contrataci\u00f3n: Contratar nuevos bomberos adicionales.<\/li>\n<\/ul>\n<\/div><div class=\"wp-block-paragraph \">\n<p><strong>Cambios clave en la contrataci\u00f3n<\/strong><strong>:<\/strong><\/p>\n<\/div><div class=\"wp-block-list\">\n<ul class=\"wp-block-list\">\n<li>Sin l\u00edmites de salario anual<\/li>\n\n\n\n<li>Sin participaci\u00f3n en los costes prescrita<\/li>\n\n\n\n<li>Los fondos de la subvenci\u00f3n ahora se pueden utilizar para recontratar a los bomberos despedidos y retener a los bomberos que se enfrentan al despido<\/li>\n\n\n\n<li>Ahora se permiten las pr\u00f3rrogas del per\u00edodo de ejecuci\u00f3n<\/li>\n\n\n\n<li>Sin requisito de sustituci\u00f3n<\/li>\n\n\n\n<li>Sin requisito de presupuesto m\u00ednimo<\/li>\n<\/ul>\n<\/div><div class=\"wp-block-paragraph \">\n<p>Para obtener ayuda adicional en la preparaci\u00f3n de sus narrativas de solicitud o para una revisi\u00f3n de su solicitud antes de la presentaci\u00f3n, p\u00f3ngase en contacto con el <a href=\"https:\/\/u1584542.ct.sendgrid.net\/ss\/c\/atcYNHk4Eh2YdGnwBh-YDGDn2mqx8YhPq8lnkEKppdXh23vonl6EWbrXSgo5DGAY4dRebUJR3RCTjGTvjbB47pUBkL3V3jV3b883PTwFdWNc7rQxtflgsed9RSpH6XygdldsQ3tNrIUntCHjj737ElFrnmZ45LlwfYupavFdd4FJM_uE4CSdH8fGzGVS4YERLMxlT5zXjXKSWpwuxT0XVO88jEMA0gtNaRpxfAdoKj1Tp_5Yf6b8N5nJagn8G8EQrPEC38vvZLztO9DUDZbLfRtgv0hIHvLPfU6vVNxVJRAkfd6zkIYRzR3Eq4-0gNiMTGHGaoaEvfkdOV03L80bdfYirLGLafSSswid8MytR4c\/395\/_M_OYAi9QdaWeebhe5SURA\/h2\/uEq_v748K1qjqtEIJIwl7xQ18GshJ4nja0rIq-ne2vo\" target=\"_blank\" rel=\"noreferrer noopener\">Departamento de Administraci\u00f3n de Subvenciones de la AIB<\/a> en <a href=\"mailto:FireGrants@iaff.org\" target=\"_blank\" rel=\"noreferrer noopener\">FireGrants@iaff.org<\/a> o en el (202) 824-1575.<\/p>\n<\/div>","protected":false},"featured_media":105289,"menu_order":0,"template":"","tags":[],"class_list":["post-105288","news","type-news","status-publish","has-post-thumbnail","hentry"],"acf":[],"publishpress_future_workflow_manual_trigger":{"enabledWorkflows":[]},"_links":{"self":[{"href":"https:\/\/www.iaff.org\/es\/wp-json\/wp\/v2\/news\/105288","targetHints":{"allow":["GET"]}}],"collection":[{"href":"https:\/\/www.iaff.org\/es\/wp-json\/wp\/v2\/news"}],"about":[{"href":"https:\/\/www.iaff.org\/es\/wp-json\/wp\/v2\/types\/news"}],"version-history":[{"count":0,"href":"https:\/\/www.iaff.org\/es\/wp-json\/wp\/v2\/news\/105288\/revisions"}],"wp:featuredmedia":[{"embeddable":true,"href":"https:\/\/www.iaff.org\/es\/wp-json\/wp\/v2\/media\/105289"}],"wp:attachment":[{"href":"https:\/\/www.iaff.org\/es\/wp-json\/wp\/v2\/media?parent=105288"}],"wp:term":[{"taxonomy":"post_tag","embeddable":true,"href":"https:\/\/www.iaff.org\/es\/wp-json\/wp\/v2\/tags?post=105288"}],"curies":[{"name":"wp","href":"https:\/\/api.w.org\/{rel}","templated":true}]}}