{"id":105245,"date":"2021-02-26T16:45:12","date_gmt":"2021-02-26T21:45:12","guid":{"rendered":"https:\/\/www.iaff.org\/news\/un-enfoque-conjunto-minimiza-los-impactos-de-la-covid-19-en-la-localidad-de-st-johns\/"},"modified":"2025-08-07T14:27:59","modified_gmt":"2025-08-07T18:27:59","slug":"un-enfoque-conjunto-minimiza-los-impactos-de-la-covid-19-en-la-localidad-de-st-johns","status":"publish","type":"news","link":"https:\/\/www.iaff.org\/es\/news\/un-enfoque-conjunto-minimiza-los-impactos-de-la-covid-19-en-la-localidad-de-st-johns\/","title":{"rendered":"Un enfoque conjunto minimiza los impactos de la COVID-19 en la localidad de St. John\u2019s"},"content":{"rendered":"<div class=\"wp-block-paragraph \">\n<p>Un enfoque r\u00e1pido y cooperativo entre la secci\u00f3n local 1075 de St. John\u2019s, NL, y el empleador evit\u00f3 una grave escasez de recursos de seguridad p\u00fablica en la ciudad despu\u00e9s de que un bombero de primera l\u00ednea diera positivo recientemente por la variante brit\u00e1nica altamente contagiosa de la COVID-19 el 17 de febrero tras una exposici\u00f3n fuera de servicio, lo que oblig\u00f3 inmediatamente a 31 bomberos con los que hab\u00eda estado de turno en dos de las estaciones de bomberos de la ciudad o que fueron identificados a trav\u00e9s del rastreo de contactos a ser enviados a casa en aislamiento. Se unieron a otros 20 bomberos de St. John\u2019s que ya estaban en aislamiento debido a un brote comunitario, lo que result\u00f3 en que el 30 por ciento de los 176 bomberos de extinci\u00f3n de la ciudad que prestan servicio en ocho estaciones en toda la ciudad no estuvieran disponibles para el servicio. <\/p>\n<\/div><div class=\"wp-block-paragraph \">\n<p>Pero trabajando juntos, la secci\u00f3n local 1075 y la ciudad implementaron un plan perfecto para mantener a los bomberos seguros al tiempo que se garantizaban los niveles de seguridad p\u00fablica, dice el presidente de la secci\u00f3n local 1075, Craig Smith. Si bien ambas estaciones de bomberos afectadas se cerraron temporalmente para ser desinfectadas, ambas volvieron a abrir en cuesti\u00f3n de horas, totalmente rellenadas con personal llamado a horas extras. <\/p>\n<\/div><div class=\"wp-block-paragraph \">\n<p>Los protocolos para las pruebas y el rastreo de contactos en el departamento fueron un elemento importante de la respuesta, dice Smith. \u201cPecamos de cautelosos; tuvimos conversaciones con el departamento y cualquiera que sintiera que estaba expuesto se hizo la prueba, por su tranquilidad.\u201d <\/p>\n<\/div><div class=\"wp-block-paragraph \">\n<p>Es importante destacar que a todos los bomberos de St. John\u2019s que debieron aislarse se les concedieron dos semanas de licencia de aislamiento de acuerdo con las directivas provinciales, por lo que no afecta sus saldos de licencia por enfermedad o licencia de vacaciones.<\/p>\n<\/div><div class=\"wp-block-paragraph \">\n<p>Tres de los 12 despachadores del 9-1-1 de la ciudad tambi\u00e9n estaban en aislamiento al mismo tiempo, y la secci\u00f3n local 1075 negoci\u00f3 un acuerdo para mantener a otros tres despachadores en aislamiento individual como una contingencia para garantizar que haya suficientes disponibles para el servicio.<\/p>\n<\/div><div class=\"wp-block-paragraph \">\n<p>Smith atribuye la cooperaci\u00f3n que facilit\u00f3 una respuesta tan r\u00e1pida y eficaz a la situaci\u00f3n al \u00e9nfasis de la secci\u00f3n local en la acci\u00f3n pol\u00edtica y la creaci\u00f3n de relaciones con la ciudad en los \u00faltimos a\u00f1os, por ejemplo, el evento FIRE OPS 101 celebrado en 2018.<\/p>\n<\/div><div class=\"wp-block-paragraph \">\n<p>\u201cEste fue un caso de cooperaci\u00f3n mutua al 100% entre la ciudad, el departamento y el sindicato\u201d, dice. \u201cHemos establecido una reputaci\u00f3n profesional con la ciudad, b\u00e1sicamente para afirmar que somos los expertos en nuestro campo, y trabajaremos con ustedes, no contra ustedes. Conf\u00edan en nosotros, nos reconocen como profesionales con los que es f\u00e1cil comunicarse, y debido a eso pudimos acelerar toda esa log\u00edstica.\u201d <\/p>\n<\/div><div class=\"wp-block-paragraph \">\n<p>Smith dice que la respuesta conjunta a la infecci\u00f3n por COVID-19 del miembro fue un modelo que otros sindicatos y departamentos de bomberos podr\u00edan seguir, y agreg\u00f3 que la secci\u00f3n local 1075 se complace en compartir su experiencia con otras secciones locales que enfrentan la misma situaci\u00f3n.<\/p>\n<\/div><div class=\"wp-block-paragraph \">\n<p>El bombero infectado, el primero de la ciudad desde que comenz\u00f3 la pandemia, actualmente es asintom\u00e1tico y descansa c\u00f3modamente, dice Smith, y los miembros de apoyo local y entre pares est\u00e1n en contacto constante con \u00e9l.<\/p>\n<\/div><div class=\"wp-block-paragraph \">\n<p>Los trabajadores esenciales en Terranova y Labrador est\u00e1n incluidos en la Fase 2 para las vacunas, pero a\u00fan no se han publicado detalles y plazos espec\u00edficos.<\/p>\n<\/div><div class=\"wp-block-paragraph \">\n<p>El primer ministro provincial Andrew Furey se comunic\u00f3 con Smith el 19 de febrero para discutir las vacunas y la provincia se ha comprometido a actualizar a la secci\u00f3n local 1075 sobre sus planes de vacunaci\u00f3n semanalmente.<\/p>\n<\/div>","protected":false},"featured_media":105246,"menu_order":0,"template":"","tags":[],"class_list":["post-105245","news","type-news","status-publish","has-post-thumbnail","hentry"],"acf":[],"publishpress_future_workflow_manual_trigger":{"enabledWorkflows":[]},"_links":{"self":[{"href":"https:\/\/www.iaff.org\/es\/wp-json\/wp\/v2\/news\/105245","targetHints":{"allow":["GET"]}}],"collection":[{"href":"https:\/\/www.iaff.org\/es\/wp-json\/wp\/v2\/news"}],"about":[{"href":"https:\/\/www.iaff.org\/es\/wp-json\/wp\/v2\/types\/news"}],"version-history":[{"count":0,"href":"https:\/\/www.iaff.org\/es\/wp-json\/wp\/v2\/news\/105245\/revisions"}],"wp:featuredmedia":[{"embeddable":true,"href":"https:\/\/www.iaff.org\/es\/wp-json\/wp\/v2\/media\/105246"}],"wp:attachment":[{"href":"https:\/\/www.iaff.org\/es\/wp-json\/wp\/v2\/media?parent=105245"}],"wp:term":[{"taxonomy":"post_tag","embeddable":true,"href":"https:\/\/www.iaff.org\/es\/wp-json\/wp\/v2\/tags?post=105245"}],"curies":[{"name":"wp","href":"https:\/\/api.w.org\/{rel}","templated":true}]}}