{"id":104816,"date":"2021-06-18T16:20:08","date_gmt":"2021-06-18T20:20:08","guid":{"rendered":"https:\/\/www.iaff.org\/news\/kurt-becker-nombrado-director-de-operaciones-de-el-aib-corporacion-financiera\/"},"modified":"2025-12-03T14:56:50","modified_gmt":"2025-12-03T19:56:50","slug":"kurt-becker-nombrado-director-de-operaciones-de-el-aib-corporacion-financiera","status":"publish","type":"news","link":"https:\/\/www.iaff.org\/es\/news\/kurt-becker-nombrado-director-de-operaciones-de-el-aib-corporacion-financiera\/","title":{"rendered":"Kurt Becker nombrado director de operaciones de El AIB Corporaci\u00f3n Financiera"},"content":{"rendered":"<div class=\"wp-block-paragraph \">\n<p>Bajo el liderazgo del director ejecutivo de El AIB Corporaci\u00f3n Financiera (AIB-FC), Ed Kelly, y la Junta Directiva, Kurt Becker ha sido nombrado director de operaciones del AIB-FC. Como filial propiedad exclusiva de la AIB, el AIB-FC proporciona servicios financieros y productos de inversi\u00f3n y seguros a los miembros y sus familias. <\/p>\n<\/div><div class=\"wp-block-paragraph \">\n<p>Becker, un bombero veterano con 22 a\u00f1os de experiencia y l\u00edder afiliado a los Bomberos Profesionales del Este de Misuri, comenz\u00f3 su nuevo cargo el 1 de junio e inmediatamente comenz\u00f3 un an\u00e1lisis exhaustivo del AIB-FC y sus programas. El primer punto del orden del d\u00eda es determinar las carencias en las ofertas financieras. <\/p>\n<\/div><div class=\"wp-block-paragraph \">\n<p>Becker espera relanzar y reintroducir el AIB-FC a los miembros de la AIB con m\u00e1s ofertas financieras dirigidas a las necesidades espec\u00edficas de los miembros, particularmente aquellos que se acercan a la jubilaci\u00f3n. Una dedicaci\u00f3n a las mejores pr\u00e1cticas y una atenci\u00f3n a las necesidades de los miembros de la AIB impulsar\u00e1n todas las decisiones. <\/p>\n<\/div><div class=\"wp-block-paragraph \">\n<p>\u201cNos complace tener a Kurt Becker como el nuevo director de operaciones de nuestra Corporaci\u00f3n Financiera\u201d, dice el presidente general Ed Kelly. \u201cTiene la experiencia gerencial y la s\u00f3lida \u00e9tica de trabajo necesarias para hacer este trabajo y nuestros miembros pueden confiar en que siempre trabajar\u00e1 para ellos.\u201d <\/p>\n<\/div><div class=\"wp-block-paragraph \">\n<p>Becker sirvi\u00f3 durante m\u00e1s de 22 a\u00f1os como bombero para el Departamento de Bomberos de Clayton, en las afueras de St. Louis, Missouri. Se uni\u00f3 a las filas de los Bomberos Profesionales del Este de Misuri y sirvi\u00f3 como delegado sindical y m\u00e1s tarde como vicepresidente de distrito. Becker tambi\u00e9n se desempe\u00f1\u00f3 como Representante de Servicio de Campo del Distrito para el 2\u00ba Distrito, un papel que le permiti\u00f3 trabajar y conocer a otros l\u00edderes afiliados y del AIB.  <\/p>\n<\/div><div class=\"wp-block-paragraph \">\n<p>Como l\u00edder sindical, Becker asumi\u00f3 numerosos proyectos complejos, incluyendo la educaci\u00f3n de los miembros en la planificaci\u00f3n de la jubilaci\u00f3n y la representaci\u00f3n del 2\u00ba Distrito en el Comit\u00e9 Permanente del AIB sobre Seguridad y Salud Ocupacional.<\/p>\n<\/div><div class=\"wp-block-paragraph \">\n<p>\u201cEste es un papel importante y Kurt est\u00e1 trayendo nuevos ojos y energ\u00eda al AIB-FC. Agradecemos que se haya presentado para esta tarea\u201d, dice el Secretario-Tesorero General Frank L\u00edma.<\/p>\n<\/div><div class=\"wp-block-paragraph \">\n<p>Becker dice que su objetivo principal ser\u00e1 asegurarse de que las ofertas del AIB-FC est\u00e9n sirviendo plenamente a los intereses de los miembros e introducir nuevos programas con un \u00e9nfasis especial en los miembros que se acercan o est\u00e1n en la jubilaci\u00f3n. Tambi\u00e9n tiene la intenci\u00f3n de explorar nuevos programas financieros dirigidos a las necesidades espec\u00edficas de los bomberos, como el seguro complementario para ayudar a cubrir las enfermedades profesionales. <\/p>\n<\/div><div class=\"wp-block-paragraph \">\n<p>\u201cLa jubilaci\u00f3n puede ser un momento extremadamente estresante para los bomberos que han pasado toda su carrera haciendo una cosa y luego toda su vida cambia\u201d, dice Becker. \u201cMuchos miembros no est\u00e1n tan preparados como deber\u00edan para afrontar importantes asuntos financieros personales. Esto los deja vulnerables a las empresas centradas en el beneficio que quieren aprovecharse de ellos.\u201d <\/p>\n<\/div><div class=\"wp-block-paragraph \">\n<p>Fundada hace casi 20 a\u00f1os, el AIB-FC proporciona a los miembros alternativas a los productos financieros, tales como los planes de jubilaci\u00f3n de beneficios definidos y los seguros suplementarios ofrecidos por organizaciones con fines de lucro. En ese momento, muchos miembros de la AIB estaban inscritos en planes de beneficios definidos proporcionados en la International City\/County Management Association (ICMA), una organizaci\u00f3n que estaba luchando contra la AIB en numerosos asuntos laborales. La ICMA estaba cobrando honorarios sobre los productos proporcionados a los miembros de la AIB y utilizando ese dinero para promover la legislaci\u00f3n anti-laboral. La AIB estableci\u00f3 el AIB-FC para proporcionar a los miembros una entidad financiera en la que puedan confiar para trabajar solo para ellos. Con el tiempo, el AIB-FC ha a\u00f1adido una variedad de productos financieros, desde hipotecas hasta seguros.    <\/p>\n<\/div><div class=\"wp-block-paragraph \">\n<p>\u201cCreemos que hay una gran historia que no se est\u00e1 contando sobre el AIB-FC\u201d, dice Becker. \u201cEste es un servicio dise\u00f1ado espec\u00edficamente para nuestros miembros. Mientras que un asesor financiero tradicional puede cobrar honorarios innecesarios y puede no representar los mejores intereses del cliente, s\u00f3lo trabajaremos con asesores con responsabilidad fiduciaria hacia el cliente.\u201d <\/p>\n<\/div><div class=\"wp-block-paragraph \">\n<p>Una vez que el AIB-FC sea reestructurado, Becker tiene la intenci\u00f3n de embarcarse en una gira de educaci\u00f3n de los miembros cara a cara.<\/p>\n<\/div>","protected":false},"featured_media":104817,"menu_order":0,"template":"","tags":[],"class_list":["post-104816","news","type-news","status-publish","has-post-thumbnail","hentry"],"acf":[],"publishpress_future_workflow_manual_trigger":{"enabledWorkflows":[]},"_links":{"self":[{"href":"https:\/\/www.iaff.org\/es\/wp-json\/wp\/v2\/news\/104816","targetHints":{"allow":["GET"]}}],"collection":[{"href":"https:\/\/www.iaff.org\/es\/wp-json\/wp\/v2\/news"}],"about":[{"href":"https:\/\/www.iaff.org\/es\/wp-json\/wp\/v2\/types\/news"}],"version-history":[{"count":0,"href":"https:\/\/www.iaff.org\/es\/wp-json\/wp\/v2\/news\/104816\/revisions"}],"wp:featuredmedia":[{"embeddable":true,"href":"https:\/\/www.iaff.org\/es\/wp-json\/wp\/v2\/media\/104817"}],"wp:attachment":[{"href":"https:\/\/www.iaff.org\/es\/wp-json\/wp\/v2\/media?parent=104816"}],"wp:term":[{"taxonomy":"post_tag","embeddable":true,"href":"https:\/\/www.iaff.org\/es\/wp-json\/wp\/v2\/tags?post=104816"}],"curies":[{"name":"wp","href":"https:\/\/api.w.org\/{rel}","templated":true}]}}