{"id":104430,"date":"2021-08-23T20:11:53","date_gmt":"2021-08-24T00:11:53","guid":{"rendered":"https:\/\/www.iaff.org\/news\/los-bomberos-de-virginia-muestran-su-apoyo-a-mcauliffe-para-gobernador\/"},"modified":"2025-08-05T13:17:47","modified_gmt":"2025-08-05T17:17:47","slug":"los-bomberos-de-virginia-muestran-su-apoyo-a-mcauliffe-para-gobernador","status":"publish","type":"news","link":"https:\/\/www.iaff.org\/es\/news\/los-bomberos-de-virginia-muestran-su-apoyo-a-mcauliffe-para-gobernador\/","title":{"rendered":"Los bomberos de Virginia muestran su apoyo a McAuliffe para gobernador"},"content":{"rendered":"<div class=\"wp-block-paragraph \">\n<p>La Asociaci\u00f3n de Bomberos Profesionales de Virginia (VPFF) respald\u00f3 a Terry McAuliffe en su intento de regresar a la mansi\u00f3n del gobernador, agradeci\u00e9ndole su apoyo a los bomberos y param\u00e9dicos y prometiendo unirse a \u00e9l en la campa\u00f1a electoral.<\/p>\n<\/div><div class=\"wp-block-paragraph \">\n<p>McAuliffe se enfrenta en una re\u00f1ida contienda por la gobernaci\u00f3n al republicano Glenn Youngkin para reemplazar al gobernador Ralph Northam, cuyo mandato finaliza en 2022. Northam reemplaz\u00f3 a McAuliffe despu\u00e9s de su primer mandato de cuatro a\u00f1os en 2018. <\/p>\n<\/div><div class=\"wp-block-paragraph \">\n<p>\u201cGracias por todo lo que hicieron por nosotros en la Mancomunidad en los cuatro a\u00f1os que estuvieron aqu\u00ed y por todo lo que har\u00e1n en cuatro a\u00f1os m\u00e1s. Los bomberos de Virginia estar\u00e1n con ustedes en la campa\u00f1a electoral en cada paso del camino\u201d, dijo el presidente de VPFF, Robert Bragg.<\/p>\n<\/div><div class=\"wp-block-paragraph \">\n<p>El presidente general Ed Kelly se uni\u00f3 a la VPFF para el respaldo anunciado en la sede del Local 2068 de Bomberos y Param\u00e9dicos Profesionales del Condado de Fairfax en Fairfax, Virginia. Tambi\u00e9n asistieron al evento el vicepresidente del 4\u00ba Distrito, Andrew Pantelis, y el presidente del Local 2068, Ron Kuley. <\/p>\n<\/div><div class=\"wp-block-paragraph \">\n<p>\u201cUno de nuestros principales trabajos como l\u00edderes sindicales electos es proteger a las familias de nuestros ca\u00eddos, porque nuestros miembros no siempre regresan a casa\u201d, dijo Kelly. \u201cLa \u00fanica forma en que podemos hacer eso es si tenemos funcionarios electos como usted con su historial probado de apoyo a los bomberos una y otra vez\u201d. <\/p>\n<\/div><div class=\"wp-block-paragraph \">\n<p>McAuliffe se mostr\u00f3 efusivo en su agradecimiento por el respaldo y destac\u00f3 el papel esencial que desempe\u00f1an los bomberos y param\u00e9dicos en un gobierno exitoso. En su primer mandato, McAuliffe elimin\u00f3 2400 millones de d\u00f3lares de deuda en Virginia, reclut\u00f3 1100 nuevas empresas y cre\u00f3 200 000 puestos de trabajo, mientras que los ingresos personales aumentaron un 14% en la Mancomunidad. <\/p>\n<\/div><div class=\"wp-block-paragraph \">\n<p>\u201cMe llevo gran parte del m\u00e9rito por la creaci\u00f3n de empleo, pero nada de eso podr\u00eda haber sucedido si no hubiera convencido a los l\u00edderes empresariales [de] que somos uno de los estados m\u00e1s seguros del pa\u00eds. Son los bomberos y las fuerzas del orden quienes lo hacen posible\u201d, dijo McAuliffe.<\/p>\n<\/div><div class=\"wp-block-paragraph \">\n<p>Los bomberos de Virginia necesitar\u00e1n su apoyo para fortalecer la negociaci\u00f3n colectiva. El a\u00f1o pasado, los legisladores de Virginia enmendaron una ley para permitir que los municipios promulguen ordenanzas locales de negociaci\u00f3n colectiva. El condado de Arlington fue el primero en promulgar la negociaci\u00f3n colectiva y Fairfax y otras jurisdicciones est\u00e1n considerando medidas similares.  <\/p>\n<\/div><div class=\"wp-block-paragraph \">\n<p>McAuliffe dijo que apoya plenamente la negociaci\u00f3n colectiva y otras medidas que proporcionar\u00e1n a los trabajadores buenos empleos que incluyan beneficios.<\/p>\n<\/div><div class=\"wp-block-paragraph \">\n<p>Los bomberos de Virginia tambi\u00e9n pidieron a McAuliffe que se uniera a ellos en sus esfuerzos por fortalecer la Ley de Cumplimiento del Deber de la Mancomunidad y a\u00f1adir m\u00e1s c\u00e1nceres a su ley de presunci\u00f3n de c\u00e1ncer existente.<\/p>\n<\/div><div class=\"wp-block-paragraph \">\n<p>\u201cSiempre he estado ah\u00ed para ustedes porque ustedes siempre han estado ah\u00ed para m\u00ed. Nunca los olvidar\u00e9 y estar\u00e9 ah\u00ed en cada paso del camino para ustedes\u201d, dijo McAuliffe.<\/p>\n<\/div>","protected":false},"featured_media":104431,"menu_order":0,"template":"","tags":[],"class_list":["post-104430","news","type-news","status-publish","has-post-thumbnail","hentry"],"acf":[],"publishpress_future_workflow_manual_trigger":{"enabledWorkflows":[]},"_links":{"self":[{"href":"https:\/\/www.iaff.org\/es\/wp-json\/wp\/v2\/news\/104430","targetHints":{"allow":["GET"]}}],"collection":[{"href":"https:\/\/www.iaff.org\/es\/wp-json\/wp\/v2\/news"}],"about":[{"href":"https:\/\/www.iaff.org\/es\/wp-json\/wp\/v2\/types\/news"}],"version-history":[{"count":0,"href":"https:\/\/www.iaff.org\/es\/wp-json\/wp\/v2\/news\/104430\/revisions"}],"wp:featuredmedia":[{"embeddable":true,"href":"https:\/\/www.iaff.org\/es\/wp-json\/wp\/v2\/media\/104431"}],"wp:attachment":[{"href":"https:\/\/www.iaff.org\/es\/wp-json\/wp\/v2\/media?parent=104430"}],"wp:term":[{"taxonomy":"post_tag","embeddable":true,"href":"https:\/\/www.iaff.org\/es\/wp-json\/wp\/v2\/tags?post=104430"}],"curies":[{"name":"wp","href":"https:\/\/api.w.org\/{rel}","templated":true}]}}