{"id":103691,"date":"2021-09-02T14:01:34","date_gmt":"2021-09-02T18:01:34","guid":{"rendered":"https:\/\/www.iaff.org\/news\/tomando-la-iniciativa-con-las-vacunas-contra-la-covid-19\/"},"modified":"2025-08-08T15:31:11","modified_gmt":"2025-08-08T19:31:11","slug":"tomando-la-iniciativa-con-las-vacunas-contra-la-covid-19","status":"publish","type":"news","link":"https:\/\/www.iaff.org\/es\/news\/tomando-la-iniciativa-con-las-vacunas-contra-la-covid-19\/","title":{"rendered":"Tomando la iniciativa con las vacunas contra la COVID-19"},"content":{"rendered":"<div class=\"wp-block-paragraph \">\n<p>La pandemia de COVID-19 ha sido un momento dif\u00edcil para todos nosotros. Ha sido y sigue siendo muy estresante dentro y fuera del trabajo para nuestros miembros y sus familias. Ya hemos perdido a 49 miembros por COVID-19, ocho desde el 3 de agosto.<\/p>\n<\/div><div class=\"wp-block-paragraph \">\n<p>Nuestro sindicato sigue animando y recomendando encarecidamente que todos los miembros se vacunen para prevenir la propagaci\u00f3n de la enfermedad. La realidad es que las vacunas funcionan y nuestro sindicato puede luchar colectivamente contra la COVID-19 y sus variantes. <\/p>\n<\/div><div class=\"wp-block-paragraph \">\n<p>Por favor, <a href=\"https:\/\/youtu.be\/nUNGsXIEkxY\" target=\"_blank\" rel=\"noreferrer noopener\">vea mi v\u00eddeo<\/a> en el que animo a todos los miembros a ayudar a evitar la p\u00e9rdida de m\u00e1s compa\u00f1eros a causa de este virus vacun\u00e1ndose.<\/p>\n<\/div><div class=\"wp-block-paragraph \">\n<p>Tambi\u00e9n les pido que se unan a m\u00ed y graben su propio mensaje de v\u00eddeo pidiendo a sus compa\u00f1eros de sindicato, familiares y vecinos que se vacunen y publiquen, tuiteen, \u00a1lideren!<\/p>\n<\/div><div class=\"wp-block-paragraph \">\n<p>Juntos, tenemos el poder de protegernos mutuamente y a nuestras comunidades, y de poner fin a esta pandemia.<\/p>\n<\/div><div class=\"wp-block-paragraph \">\n<p>\u00a1S\u00e9 t\u00fa mismo, s\u00e9 fuerte, s\u00e9 bombero!<\/p>\n<\/div><div class=\"wp-block-paragraph \">\n<p>En solidaridad,<\/p>\n<\/div><div class=\"wp-block-paragraph \">\n<p>Edward a. Kelly<br\/>Presidente general<\/p>\n<\/div>\n<div class=\"wp-block-group wp-block-paragraph is-layout-constrained wp-block-group-is-layout-constrained\">\n<figure class=\"wp-block-image alignleft is-resized\"><img decoding=\"async\" src=\"https:\/\/can2-prod.s3.amazonaws.com\/uploads\/data\/000\/527\/110\/original\/GP_Kelly_Signature.png\" alt=\"\" style=\"width:180px\" title=\"\"><\/figure>\n<\/div>\n","protected":false},"featured_media":103692,"menu_order":0,"template":"","tags":[],"class_list":["post-103691","news","type-news","status-publish","has-post-thumbnail","hentry"],"acf":[],"publishpress_future_workflow_manual_trigger":{"enabledWorkflows":[]},"_links":{"self":[{"href":"https:\/\/www.iaff.org\/es\/wp-json\/wp\/v2\/news\/103691","targetHints":{"allow":["GET"]}}],"collection":[{"href":"https:\/\/www.iaff.org\/es\/wp-json\/wp\/v2\/news"}],"about":[{"href":"https:\/\/www.iaff.org\/es\/wp-json\/wp\/v2\/types\/news"}],"version-history":[{"count":0,"href":"https:\/\/www.iaff.org\/es\/wp-json\/wp\/v2\/news\/103691\/revisions"}],"wp:featuredmedia":[{"embeddable":true,"href":"https:\/\/www.iaff.org\/es\/wp-json\/wp\/v2\/media\/103692"}],"wp:attachment":[{"href":"https:\/\/www.iaff.org\/es\/wp-json\/wp\/v2\/media?parent=103691"}],"wp:term":[{"taxonomy":"post_tag","embeddable":true,"href":"https:\/\/www.iaff.org\/es\/wp-json\/wp\/v2\/tags?post=103691"}],"curies":[{"name":"wp","href":"https:\/\/api.w.org\/{rel}","templated":true}]}}