{"id":103672,"date":"2021-09-06T15:47:01","date_gmt":"2021-09-06T19:47:01","guid":{"rendered":"https:\/\/www.iaff.org\/news\/la-aib-lamenta-la-perdida-del-presidente-general-emerito-alfred-k-whitehead\/"},"modified":"2025-12-03T14:52:32","modified_gmt":"2025-12-03T19:52:32","slug":"la-aib-lamenta-la-perdida-del-presidente-general-emerito-alfred-k-whitehead","status":"publish","type":"news","link":"https:\/\/www.iaff.org\/es\/news\/la-aib-lamenta-la-perdida-del-presidente-general-emerito-alfred-k-whitehead\/","title":{"rendered":"La AIB lamenta la p\u00e9rdida del Presidente General Em\u00e9rito Alfred K. Whitehead"},"content":{"rendered":"<div class=\"wp-block-paragraph \">\n<p><strong>El servicio conmemorativo en honor a la vida y el legado de Alfred K. Whitehead est\u00e1 programado para el viernes 17 de septiembre de 2021, a las 10:00 a.m. en Cottonwood Church, 4505 Katella Ave., Los Alamitos, CA 90720. El d\u00eda anterior, el 16 de septiembre, se llevar\u00e1 a cabo un servicio de bandera en la estaci\u00f3n de bomberos 27, 6031 Rickenbacker Rd. en Commerce. <\/strong><\/p>\n<\/div><div class=\"wp-block-paragraph \">\n<p>La AIB lamenta profundamente el fallecimiento del Presidente General Em\u00e9rito de la AIB, Alfred K. Whitehead, a los 91 a\u00f1os. <\/p>\n<\/div><div class=\"wp-block-paragraph \">\n<p>Hermano Whitehead, bombero que dedic\u00f3 su vida al movimiento obrero, falleci\u00f3 el 4 de septiembre, el fin de semana del D\u00eda del Trabajo.<\/p>\n<\/div><div class=\"wp-block-paragraph \">\n<p>\u201cFue un gran l\u00edder sindical\u201d, dice el Presidente General Edward Kelly. \u201cLe debemos una enorme gratitud por su innovaci\u00f3n y dedicaci\u00f3n a la profesi\u00f3n de bombero y al movimiento obrero. Nuestros miembros siempre tuvieron la seguridad de que \u00e9l seguir\u00eda luchando con todo lo que ten\u00eda por una mejor protecci\u00f3n contra las enfermedades profesionales, mejores condiciones de trabajo y mejores beneficios. La AIB es tan fuerte y robusta como lo es hoy porque el Presidente Whitehead luch\u00f3 incansablemente por nuestros miembros cada d\u00eda. Nuestros pensamientos y oraciones est\u00e1n con su familia, amigos y todos los que lo conocieron bien. Le echaremos de menos.\u201d <\/p>\n<\/div><div class=\"wp-block-paragraph \">\n<p>\u00abLa AIB no ten\u00eda un presupuesto detallado cuando Al Whitehead fue elegido Secretario-Tesorero General en 1982\u00bb, dice el Secretario-Tesorero General Frank L\u00edma. \u00abEl entonces GST Whitehead salv\u00f3 a la AIB de la insolvencia; inici\u00f3 la pol\u00edtica de asignar una cuota per c\u00e1pita a cada resoluci\u00f3n de la Convenci\u00f3n de la AIB que tuviera un factor de coste. Acu\u00f1\u00f3 la frase: \u201cSi lo quieres, tienes que financiarlo\u201d. El Presidente Em\u00e9rito de la AIB, Whitehead, fue un l\u00edder sindical incre\u00edblemente duro, amigo de muchos y mi mentor. El Hermano Whitehead me inspir\u00f3 para presentarme como candidato a Secretario-Tesorero General y siempre lo tendr\u00e9 a \u00e9l y a sus ense\u00f1anzas cerca de mi coraz\u00f3n. Que la luz perpetua siempre brille sobre \u00e9l, la familia Whitehead, el Local 1014 y la AIB.\u00bb <\/p>\n<\/div><div class=\"wp-block-paragraph \">\n<p>Whitehead sirvi\u00f3 m\u00e1s de 20 a\u00f1os como bombero del condado de Los \u00c1ngeles, California, y se dedic\u00f3 al Local 1014 del condado de Los \u00c1ngeles antes de retirarse en 1982 para servir como Secretario-Tesorero de la AIB. Seis a\u00f1os m\u00e1s tarde, en 1988, Whitehead fue elegido octavo Presidente General del sindicato, cargo que ocup\u00f3 hasta su jubilaci\u00f3n en 2000.<br\/>\u201cEl servicio de bomberos perdi\u00f3 una leyenda laboral este fin de semana del D\u00eda del Trabajo\u201d, dice el Presidente del Local 1014 del Condado de Los \u00c1ngeles, Dave Gillotte. \u201cMi buen amigo y mentor fue uno de los l\u00edderes m\u00e1s din\u00e1micos, apasionados y dedicados de la AIB. Luch\u00f3 en nombre de todos y cada uno de nosotros con un fuego en su coraz\u00f3n. Nuestros pensamientos y oraciones est\u00e1n con su familia y amigos cercanos. Es probable que Al est\u00e9 negociando t\u00e9rminos en el cielo para los futuros bomberos.\u201d  <\/p>\n<\/div><div class=\"wp-block-paragraph \">\n<p>Durante su mandato en el cargo m\u00e1s alto del sindicato, Whitehead hizo de la acci\u00f3n pol\u00edtica una prioridad, trabajando duro para establecer aliados a nivel local, estatal y federal.<br\/>Se involucr\u00f3 en el movimiento obrero como miembro de la Hermandad Internacional de Trabajadores El\u00e9ctricos (IBEW) a finales de los a\u00f1os 40 y principios de los 50. Se uni\u00f3 al Departamento de Bomberos de Los \u00c1ngeles en 1954 y se uni\u00f3 al Local 1014 del Condado de Los \u00c1ngeles, donde fue elegido presidente en 1970. <\/p>\n<\/div><div class=\"wp-block-paragraph \">\n<p>A nivel estatal, ayud\u00f3 a lo que entonces se llamaba la Federaci\u00f3n de Bomberos de California (m\u00e1s tarde renombrada como Bomberos Profesionales de California) a desarrollar un programa de acci\u00f3n pol\u00edtica eficaz y trabaj\u00f3 para salvar a la asociaci\u00f3n estatal de la bancarrota.<\/p>\n<\/div><div class=\"wp-block-paragraph \">\n<p>Cuando Whitehead se retir\u00f3 en 2000, los delegados de la Convenci\u00f3n renombraron la Conferencia Legislativa de la AIB como Conferencia Legislativa Alfred K. Whitehead.<\/p>\n<\/div><div class=\"wp-block-paragraph \">\n<p><a href=\"https:\/\/www.cpf.org\/go\/cpf\/news-and-events\/news\/honoring-the-legacy-of-alfred-k-whitehead\/?fbclid=IwAR3gi6Ss86NgIsiVzuHnF6nK3TLViJyb2BOJSAhlOktM3d7m358JlTq_IRE\" target=\"_blank\" rel=\"noreferrer noopener\">Leer m\u00e1s<\/a> \u2026<\/p>\n<\/div>","protected":false},"featured_media":103673,"menu_order":0,"template":"","tags":[],"class_list":["post-103672","news","type-news","status-publish","has-post-thumbnail","hentry"],"acf":[],"publishpress_future_workflow_manual_trigger":{"enabledWorkflows":[]},"_links":{"self":[{"href":"https:\/\/www.iaff.org\/es\/wp-json\/wp\/v2\/news\/103672","targetHints":{"allow":["GET"]}}],"collection":[{"href":"https:\/\/www.iaff.org\/es\/wp-json\/wp\/v2\/news"}],"about":[{"href":"https:\/\/www.iaff.org\/es\/wp-json\/wp\/v2\/types\/news"}],"version-history":[{"count":0,"href":"https:\/\/www.iaff.org\/es\/wp-json\/wp\/v2\/news\/103672\/revisions"}],"wp:featuredmedia":[{"embeddable":true,"href":"https:\/\/www.iaff.org\/es\/wp-json\/wp\/v2\/media\/103673"}],"wp:attachment":[{"href":"https:\/\/www.iaff.org\/es\/wp-json\/wp\/v2\/media?parent=103672"}],"wp:term":[{"taxonomy":"post_tag","embeddable":true,"href":"https:\/\/www.iaff.org\/es\/wp-json\/wp\/v2\/tags?post=103672"}],"curies":[{"name":"wp","href":"https:\/\/api.w.org\/{rel}","templated":true}]}}