{"id":103637,"date":"2021-09-24T16:19:23","date_gmt":"2021-09-24T20:19:23","guid":{"rendered":"https:\/\/www.iaff.org\/news\/la-aib-celebra-el-resultado-de-las-elecciones-canadienses\/"},"modified":"2025-12-03T14:52:32","modified_gmt":"2025-12-03T19:52:32","slug":"la-aib-celebra-el-resultado-de-las-elecciones-canadienses","status":"publish","type":"news","link":"https:\/\/www.iaff.org\/es\/news\/la-aib-celebra-el-resultado-de-las-elecciones-canadienses\/","title":{"rendered":"La AIB celebra el resultado de las elecciones canadienses"},"content":{"rendered":"<div class=\"wp-block-paragraph \">\n<p>La AIB celebra el resultado de las elecciones canadienses y est\u00e1 preparada para trabajar con el gobierno minoritario liberal y los diputados de todos los partidos para seguir promoviendo los problemas de los bomberos y la seguridad p\u00fablica.<\/p>\n<\/div><div class=\"wp-block-paragraph \">\n<p>\u201cFelicitamos a todos los diputados elegidos para la C\u00e1mara de los Comunes el 20 de septiembre y esperamos la colaboraci\u00f3n de todos los partidos en los asuntos que m\u00e1s importan a los canadienses, y en los asuntos que presentamos en nombre de los bomberos profesionales de Canad\u00e1\u201d, dice Scott Marks, asistente del Presidente General de la AIB para las Operaciones Canadienses.<\/p>\n<\/div><div class=\"wp-block-paragraph \">\n<p>El gobierno minoritario liberal, bajo el mandato del primer ministro Justin Trudeau, es similar al gobierno en vigor desde 2019, bajo el cual se lograron importantes avances en la reducci\u00f3n de los da\u00f1os causados por los retardantes de llama qu\u00edmicos t\u00f3xicos y en la referencia a la seguridad de los bomberos en el C\u00f3digo Nacional de Construcci\u00f3n. Durante las recientes ediciones de la Conferencia Legislativa Canadiense, diputados de todos los partidos pol\u00edticos, incluidos los conservadores, el NDP, los verdes y el Bloc Qu\u00e9b\u00e9cois, hab\u00edan expresado su apoyo a los temas. <\/p>\n<\/div><div class=\"wp-block-paragraph \">\n<p>Durante la campa\u00f1a electoral, la AIB inform\u00f3 a los miembros y al p\u00fablico sobre los problemas de los bomberos y sobre la historia de los partidos con la AIB y sus posiciones sobre los problemas de los bomberos, registr\u00e1ndose en Elections Canada como un tercero bajo el nombre de Fire Fighters for Canada.<\/p>\n<\/div><div class=\"wp-block-paragraph \">\n<p>La AIB se pondr\u00e1 en contacto con el nuevo Parlamento y sus miembros tan pronto como tomen posesi\u00f3n de sus cargos y plantear\u00e1 cuestiones importantes como la formaci\u00f3n en respuesta a incendios forestales y la financiaci\u00f3n de emergencia continua para los municipios, de modo que puedan mantener servicios vitales de primera l\u00ednea, como los de bomberos y ambulancias. Despu\u00e9s de que se celebraran ediciones virtuales sucesivas de la Conferencia Legislativa Canadiense en 2020 y a principios de este a\u00f1o, una edici\u00f3n presencial de la conferencia tendr\u00e1 lugar en abril de 2022 en Ottawa si los protocolos de COVID-19 lo permiten. <\/p>\n<\/div><div class=\"wp-block-paragraph \">\n<p>La AIB siempre ejerce su derecho a participar activamente en la pol\u00edtica a nivel federal en Canad\u00e1. Antes de las elecciones federales de 2015, la AIB obtuvo importantes compromisos de los partidos Liberal y NDP sobre las prioridades clave de los bomberos. Tras las elecciones, el gobierno liberal actu\u00f3 con rapidez y estableci\u00f3 un Plan de Acci\u00f3n Nacional sobre el estr\u00e9s postraum\u00e1tico de los primeros intervinientes y estableci\u00f3 el Programa de Subvenciones Conmemorativas para los Primeros Intervinientes, que ha pagado un total de 42,9 millones de d\u00f3lares a las familias de 143 miembros canadienses de la AIB que han muerto en acto de servicio desde el 1 de abril de 2018.  <\/p>\n<\/div><div class=\"wp-block-paragraph \">\n<p>El gobierno liberal tambi\u00e9n estableci\u00f3 el D\u00eda Nacional de los Bomberos Ca\u00eddos, que se celebra el segundo domingo de cada septiembre.<\/p>\n<\/div>","protected":false},"featured_media":0,"menu_order":0,"template":"","tags":[],"class_list":["post-103637","news","type-news","status-publish","hentry"],"acf":[],"publishpress_future_workflow_manual_trigger":{"enabledWorkflows":[]},"_links":{"self":[{"href":"https:\/\/www.iaff.org\/es\/wp-json\/wp\/v2\/news\/103637","targetHints":{"allow":["GET"]}}],"collection":[{"href":"https:\/\/www.iaff.org\/es\/wp-json\/wp\/v2\/news"}],"about":[{"href":"https:\/\/www.iaff.org\/es\/wp-json\/wp\/v2\/types\/news"}],"version-history":[{"count":0,"href":"https:\/\/www.iaff.org\/es\/wp-json\/wp\/v2\/news\/103637\/revisions"}],"wp:attachment":[{"href":"https:\/\/www.iaff.org\/es\/wp-json\/wp\/v2\/media?parent=103637"}],"wp:term":[{"taxonomy":"post_tag","embeddable":true,"href":"https:\/\/www.iaff.org\/es\/wp-json\/wp\/v2\/tags?post=103637"}],"curies":[{"name":"wp","href":"https:\/\/api.w.org\/{rel}","templated":true}]}}