{"id":103529,"date":"2021-10-13T21:35:48","date_gmt":"2021-10-14T01:35:48","guid":{"rendered":"https:\/\/www.iaff.org\/news\/un-nuevo-destacamento-local-de-texas-se-centra-en-la-salud-y-la-familia\/"},"modified":"2025-12-03T14:52:33","modified_gmt":"2025-12-03T19:52:33","slug":"un-nuevo-destacamento-local-de-texas-se-centra-en-la-salud-y-la-familia","status":"publish","type":"news","link":"https:\/\/www.iaff.org\/es\/news\/un-nuevo-destacamento-local-de-texas-se-centra-en-la-salud-y-la-familia\/","title":{"rendered":"Un nuevo destacamento local de Texas se centra en la salud y la familia"},"content":{"rendered":"<div class=\"wp-block-paragraph \">\n<p>La secci\u00f3n local 5355 de Zapatta, TX, es la secci\u00f3n local m\u00e1s reciente de la AIB.<\/p>\n<\/div><div class=\"wp-block-paragraph \">\n<p>El departamento de bomberos del condado de Zapatta, ubicado en el sur de Texas y separado del l\u00edmite con M\u00e9xico \u00fanicamente por el lago Falcon, es un peque\u00f1o departamento profesional que responde a las llamadas de emergencia en todo el condado. Para muchos miembros del departamento, ser bombero es m\u00e1s que un trabajo, afirma el presidente del destacamento local 5355, Zenon Perez. <\/p>\n<\/div><div class=\"wp-block-paragraph \">\n<p>\u201cTenemos padres e hijos, padres e hijas, y hermanos y hermanas trabajando en nuestro departamento. Algunas familias llevan dos o tres generaciones en el departamento. Por lo tanto, para nosotros, no se trata solo del trabajo, sino de la familia\u201d, afirma. \u201cDecidimos organizarnos y formar un sindicato para poder trabajar en la creaci\u00f3n de pol\u00edticas laborales y mejorar las prestaciones m\u00e9dicas que promuevan la salud de los bomberos.\u201d <\/p>\n<\/div><div class=\"wp-block-paragraph \">\n<p>\u201cEl 11.\u00ba Distrito se enorgullece de dar la bienvenida a un nuevo destacamento local\u201d, afirma la vicepresidenta del 11.\u00ba Distrito, Sandy McGhee. \u201cLa AIB est\u00e1 a su disposici\u00f3n, lista para ayudar a nuestros hermanos y hermanas del destacamento local 5355 con sus prioridades de salud y seguridad.\u201d <\/p>\n<\/div><div class=\"wp-block-paragraph \">\n<p>Junto con Perez, en la junta ejecutiva del destacamento local 5355 est\u00e1n el secretario Alberto Soto y el tesorero Antonio Saavedra.<\/p>\n<\/div>","protected":false},"featured_media":103530,"menu_order":0,"template":"","tags":[],"class_list":["post-103529","news","type-news","status-publish","has-post-thumbnail","hentry"],"acf":[],"publishpress_future_workflow_manual_trigger":{"enabledWorkflows":[]},"_links":{"self":[{"href":"https:\/\/www.iaff.org\/es\/wp-json\/wp\/v2\/news\/103529","targetHints":{"allow":["GET"]}}],"collection":[{"href":"https:\/\/www.iaff.org\/es\/wp-json\/wp\/v2\/news"}],"about":[{"href":"https:\/\/www.iaff.org\/es\/wp-json\/wp\/v2\/types\/news"}],"version-history":[{"count":0,"href":"https:\/\/www.iaff.org\/es\/wp-json\/wp\/v2\/news\/103529\/revisions"}],"wp:featuredmedia":[{"embeddable":true,"href":"https:\/\/www.iaff.org\/es\/wp-json\/wp\/v2\/media\/103530"}],"wp:attachment":[{"href":"https:\/\/www.iaff.org\/es\/wp-json\/wp\/v2\/media?parent=103529"}],"wp:term":[{"taxonomy":"post_tag","embeddable":true,"href":"https:\/\/www.iaff.org\/es\/wp-json\/wp\/v2\/tags?post=103529"}],"curies":[{"name":"wp","href":"https:\/\/api.w.org\/{rel}","templated":true}]}}