{"id":103444,"date":"2021-11-15T20:54:02","date_gmt":"2021-11-16T01:54:02","guid":{"rendered":"https:\/\/www.iaff.org\/news\/unase-al-presidente-general-kelly-para-una-sesion-de-preguntas-y-respuestas-en-directo-en-facebook-el-16-de-noviembre\/"},"modified":"2025-07-29T11:43:39","modified_gmt":"2025-07-29T15:43:39","slug":"unase-al-presidente-general-kelly-para-una-sesion-de-preguntas-y-respuestas-en-directo-en-facebook-el-16-de-noviembre","status":"publish","type":"news","link":"https:\/\/www.iaff.org\/es\/news\/unase-al-presidente-general-kelly-para-una-sesion-de-preguntas-y-respuestas-en-directo-en-facebook-el-16-de-noviembre\/","title":{"rendered":"\u00danase al presidente general Kelly para una sesi\u00f3n de preguntas y respuestas en directo en Facebook el 16 de noviembre"},"content":{"rendered":"<div class=\"wp-block-paragraph \">\n<p><strong>\u00danase al presidente general Ed Kelly para una sesi\u00f3n virtual de preguntas y respuestas en Facebook Live a las 12:00 p. m. del martes 16 de noviembre de 2021.<\/strong> El evento se transmitir\u00e1 en directo en la <a href=\"https:\/\/url4057.uniontrack.com\/ls\/click?upn=fWS1OoA-2BNmWeAqm1nOt4Gpzc4LF3xR6SRRGy-2F5lN9Xp3KtBQfrDfwtBgk5hG-2FDBUE0bR_DPczAQVUpmoWqBIxIqOjdYvMtk-2BeleEs-2BYP7NDWykXKd6JpoSfAWiopZPxMPVyLMHXa-2FkL83ehocfmZlVU2LQzLbWh9LW8nZ2U6Af5ZdzFYf4mHHbuL4LHVKLnX2T4UM5mmKqQmUIAASjtFLGFozlAZjEux-2BjI0VprnNnSjqaC8dAyZjbiv0Qv6R1EtWoTKUczpfThip1KAxMGCfWI-2FgpIpbJfc57umL0GZfIQmMK8nHTn5HSp3FI-2BHqD2qhlV-2FLnZoezhmW34fOx7vzsTDh2UJkwJaVyei3Ctc4WKs1QGHgzkwMFE0QQX9oEsYNIeZDfpAYmOBKFf-2FU9272qn5uOtgLFyCjX6ob571rrXIDroU-3D\" target=\"_blank\" rel=\"noreferrer noopener\">p\u00e1gina de Facebook de la AIB<\/a> y estar\u00e1 abierto al p\u00fablico.<\/p>\n<\/div><div class=\"wp-block-paragraph \">\n<p>Comprometido a hacer de nuestra AIB una organizaci\u00f3n centrada en los miembros e impulsada por ellos, el presidente Kelly proporcionar\u00e1 una actualizaci\u00f3n sobre las actividades recientes de la sede de la AIB, la continuaci\u00f3n del trabajo de transici\u00f3n y un debate sobre temas de inter\u00e9s nacional para los miembros de nuestros dos pa\u00edses.<\/p>\n<\/div><div class=\"wp-block-paragraph \">\n<p>Esperamos que pueda unirse al presidente general Kelly el martes 16 de noviembre, mientras trabaja para garantizar que usted y sus miembros tengan la informaci\u00f3n m\u00e1s reciente necesaria para tener \u00e9xito a nivel local, estatal\/provincial y federal.<\/p>\n<\/div>","protected":false},"featured_media":103445,"menu_order":0,"template":"","tags":[],"class_list":["post-103444","news","type-news","status-publish","has-post-thumbnail","hentry"],"acf":[],"publishpress_future_workflow_manual_trigger":{"enabledWorkflows":[]},"_links":{"self":[{"href":"https:\/\/www.iaff.org\/es\/wp-json\/wp\/v2\/news\/103444","targetHints":{"allow":["GET"]}}],"collection":[{"href":"https:\/\/www.iaff.org\/es\/wp-json\/wp\/v2\/news"}],"about":[{"href":"https:\/\/www.iaff.org\/es\/wp-json\/wp\/v2\/types\/news"}],"version-history":[{"count":0,"href":"https:\/\/www.iaff.org\/es\/wp-json\/wp\/v2\/news\/103444\/revisions"}],"wp:featuredmedia":[{"embeddable":true,"href":"https:\/\/www.iaff.org\/es\/wp-json\/wp\/v2\/media\/103445"}],"wp:attachment":[{"href":"https:\/\/www.iaff.org\/es\/wp-json\/wp\/v2\/media?parent=103444"}],"wp:term":[{"taxonomy":"post_tag","embeddable":true,"href":"https:\/\/www.iaff.org\/es\/wp-json\/wp\/v2\/tags?post=103444"}],"curies":[{"name":"wp","href":"https:\/\/api.w.org\/{rel}","templated":true}]}}