{"id":103341,"date":"2022-01-02T20:34:55","date_gmt":"2022-01-03T01:34:55","guid":{"rendered":"https:\/\/www.iaff.org\/news\/los-bomberos-federales-obtienen-nuevas-prestaciones-y-medidas-de-seguridad\/"},"modified":"2025-07-28T15:53:58","modified_gmt":"2025-07-28T19:53:58","slug":"los-bomberos-federales-obtienen-nuevas-prestaciones-y-medidas-de-seguridad","status":"publish","type":"news","link":"https:\/\/www.iaff.org\/es\/news\/los-bomberos-federales-obtienen-nuevas-prestaciones-y-medidas-de-seguridad\/","title":{"rendered":"Los bomberos federales obtienen nuevas prestaciones y medidas de seguridad"},"content":{"rendered":"<div class=\"wp-block-paragraph \">\n<p>Los bomberos federales disfrutar\u00e1n de nuevas prestaciones y condiciones de trabajo m\u00e1s seguras con la aprobaci\u00f3n de la <a href=\"https:\/\/www.congress.gov\/bill\/117th-congress\/senate-bill\/1605\" target=\"_blank\" rel=\"noreferrer noopener\">Ley de Autorizaci\u00f3n de la Defensa Nacional (NDAA) para el a\u00f1o fiscal 2022<\/a>, que fue promulgada por el presidente Biden. Una disposici\u00f3n prioritaria para la AIB en la NDAA de este a\u00f1o permitir\u00e1 finalmente a los bomberos federales intercambiar voluntariamente turnos entre dos personas con cualificaciones similares. Otras disposiciones aprobadas como parte de la legislaci\u00f3n incluyen:  <\/p>\n<\/div><div class=\"wp-block-list\">\n<ul class=\"wp-block-list\">\n<li>Establecer una nueva prestaci\u00f3n por permiso parental por duelo<\/li>\n\n\n\n<li>Restablecer el per\u00edodo de prueba para los bomberos federales reci\u00e9n contratados en el Departamento de Defensa (DOD) a un a\u00f1o<\/li>\n\n\n\n<li>Exigir al DOD que tome mayores medidas para prevenir, mitigar y remediar cualquier liberaci\u00f3n de espumas contra incendios t\u00f3xicas cargadas de PFAS<\/li>\n\n\n\n<li>Exigir al DOD que sea m\u00e1s transparente y ponga a disposici\u00f3n los registros de contaminaci\u00f3n por PFAS<\/li>\n\n\n\n<li>Autorizar 15 millones de d\u00f3lares adicionales para estudiar los efectos de los PFAS en la salud<\/li>\n\n\n\n<li>Autorizar la construcci\u00f3n de dos nuevas estaciones de bomberos federales ubicadas en el dep\u00f3sito del ej\u00e9rcito de Letterkenny en Pensilvania y en la base de la fuerza a\u00e9rea de Andrews en Maryland.<\/li>\n<\/ul>\n<\/div><div class=\"wp-block-paragraph \">\n<p>\u201cLa exigente semana laboral de 72 horas que se exige a nuestros bomberos federales es sencillamente brutal. S\u00e9 de primera mano lo dif\u00edcil que puede ser atender asuntos personales o familiares sin la flexibilidad de los cambios de turno\u201d, afirma el presidente general Edward Kelly. \u201cLa correcci\u00f3n de esta omisi\u00f3n se ha demorado mucho, y conf\u00edo en que esta victoria legislativa contribuir\u00e1 en gran medida a restablecer el equilibrio entre la vida laboral y personal de los afectados. Tambi\u00e9n me complace mucho que nuestros hermanos y hermanas federales tengan acceso a una nueva prestaci\u00f3n por permiso parental por duelo disponible para ellos tras la p\u00e9rdida de un hijo. Quiz\u00e1s lo m\u00e1s importante es que las disposiciones en torno a los PFAS t\u00f3xicos proporcionar\u00e1n herramientas adicionales para extinguir el c\u00e1ncer del servicio de bomberos.\u201d <\/p>\n<\/div><div class=\"wp-block-paragraph \">\n<p>La C\u00e1mara de Representantes de EE. UU. aprob\u00f3 la legislaci\u00f3n con una votaci\u00f3n de <a href=\"https:\/\/clerk.house.gov\/Votes\/2021405?Page=4\" target=\"_blank\" rel=\"noreferrer noopener\">363 a 70<\/a> y el Senado aprob\u00f3 el proyecto de ley con una votaci\u00f3n de <a href=\"https:\/\/www.senate.gov\/legislative\/LIS\/roll_call_lists\/roll_call_vote_cfm.cfm?congress=117&amp;session=1&amp;vote=00499\" target=\"_blank\" rel=\"noreferrer noopener\">88 a 11<\/a>.<\/p>\n<\/div><div class=\"wp-block-paragraph \">\n<p>Cuando el Congreso modific\u00f3 la Ley de Normas Justas de Trabajo (FLSA) en 1985, concediendo a los bomberos municipales y estatales \u201cmayor libertad para intercambiar d\u00edas de servicio, no se concedi\u00f3 ninguna prestaci\u00f3n similar a los bomberos federales. Con esta NDAA, la correcci\u00f3n finalmente concede a los bomberos federales\u201d la paridad con sus hermanos y hermanas no federales. <\/p>\n<\/div><div class=\"wp-block-paragraph \">\n<p>Los senadores Chris Van Hollen (D-MD) y Susan Collins (R-ME), junto con los representantes Donald Norcross (D-NJ) y Rob Wittman (R-VA), se asociaron con la AIB para garantizar que la disposici\u00f3n se incluyera en el proyecto de ley final.<\/p>\n<\/div><div class=\"wp-block-paragraph \">\n<p>Hasta la fecha, al experimentar la muerte de un hijo, los bomberos federales estaban obligados a utilizar sus vacaciones para cubrir las ausencias en el lugar de trabajo. La prestaci\u00f3n por permiso parental por duelo incluida en el proyecto de ley proporcionar\u00e1 dos semanas de permiso retribuido para nuestros miembros federales en tales circunstancias. <\/p>\n<\/div><div class=\"wp-block-paragraph \">\n<p>Por \u00faltimo, la publicaci\u00f3n de los registros de contaminaci\u00f3n por PFAS ayudar\u00e1 a los bomberos federales que soliciten prestaciones de compensaci\u00f3n laboral por enfermedades profesionales.<\/p>\n<\/div>","protected":false},"featured_media":102160,"menu_order":0,"template":"","tags":[],"class_list":["post-103341","news","type-news","status-publish","has-post-thumbnail","hentry"],"acf":[],"publishpress_future_workflow_manual_trigger":{"enabledWorkflows":[]},"_links":{"self":[{"href":"https:\/\/www.iaff.org\/es\/wp-json\/wp\/v2\/news\/103341","targetHints":{"allow":["GET"]}}],"collection":[{"href":"https:\/\/www.iaff.org\/es\/wp-json\/wp\/v2\/news"}],"about":[{"href":"https:\/\/www.iaff.org\/es\/wp-json\/wp\/v2\/types\/news"}],"version-history":[{"count":0,"href":"https:\/\/www.iaff.org\/es\/wp-json\/wp\/v2\/news\/103341\/revisions"}],"wp:featuredmedia":[{"embeddable":true,"href":"https:\/\/www.iaff.org\/es\/wp-json\/wp\/v2\/media\/102160"}],"wp:attachment":[{"href":"https:\/\/www.iaff.org\/es\/wp-json\/wp\/v2\/media?parent=103341"}],"wp:term":[{"taxonomy":"post_tag","embeddable":true,"href":"https:\/\/www.iaff.org\/es\/wp-json\/wp\/v2\/tags?post=103341"}],"curies":[{"name":"wp","href":"https:\/\/api.w.org\/{rel}","templated":true}]}}