{"id":103335,"date":"2022-01-04T14:57:51","date_gmt":"2022-01-04T19:57:51","guid":{"rendered":"https:\/\/www.iaff.org\/news\/enero-es-el-mes-de-concienciacion-sobre-el-cancer-entre-los-bomberos\/"},"modified":"2025-07-28T15:51:25","modified_gmt":"2025-07-28T19:51:25","slug":"enero-es-el-mes-de-concienciacion-sobre-el-cancer-entre-los-bomberos","status":"publish","type":"news","link":"https:\/\/www.iaff.org\/es\/news\/enero-es-el-mes-de-concienciacion-sobre-el-cancer-entre-los-bomberos\/","title":{"rendered":"Enero es el mes de concienciaci\u00f3n sobre el c\u00e1ncer entre los bomberos"},"content":{"rendered":"<div class=\"wp-block-paragraph \">\n<p>\u00a1Nos complace asociarnos con <a href=\"https:\/\/url4057.uniontrack.com\/ls\/click?upn=JhariXN3xFqNvQ9hjMJXVKL0UqsO2gKLVhkzhX4yxMWXI5sEJ3WBJdyF31n-2B8WKXQdqUIpniUHwUsvk-2BbJY-2FStdf-2B6oSHVXP-2FGV91tVIBcyPq5ui2fMCxv-2BsTdSWeAyTcsLPdE9BpKu0cJwjVJUrQCfZvpwX5DlEOYk7pOrvxNFvcNeRryCMU5SQQdBVPrjyH6rBTLijzjd7uk0QL-2BzuBaWlzbruoqC9hYALxZq8u70B9GKOI-2FZ11QIl5URkQMC-2FaKtXwvJYS9CWYfALvPPQla646hJJXH-2Bnr-2FvG8fzT8VVxHQGtiu6BeLnQtWI8lzGs-2FLDLN-2FIrQqiZLOSnpOTUcA-3D-3DXt4r_DPczAQVUpmoWqBIxIqOjdYvMtk-2BeleEs-2BYP7NDWykXKd6JpoSfAWiopZPxMPVyLMnt6HUUR3SbVorLRt7HO8QVXvdJoek3elh36E3FevikFPuONbPA3Ad6kydv-2FTCJL0Ok7u36ABce0CcDrsLfWvZM578Rx3Wvlf0cdkHJ45zRpQXPYPHP4L8ECxLLeWFz2CBFVpbxx1T-2BG3O7Ov7nvsin1ug0MS-2BDnl9AcGtpFc0uzAT8ogWii9-2B-2B400AT7hxyOi6Qy6q7hkoHD3-2FjAb7LtxSe-2Byju5xn6KMM8j6-2F4mxyS4L6VoPSR3rgWw16IqgfLLpzMfIh0qw8zUVnjDbxY-2F9tQH5G3XeMG5l9eq7DUmQes-3D\" target=\"_blank\" rel=\"noreferrer noopener\">Firefighter Cancer Support Network<\/a> (FCSN) para dar el pistoletazo de salida al <strong>Mes de Concienciaci\u00f3n sobre el C\u00e1ncer entre los Bomberos<\/strong>!<\/p>\n<\/div><div class=\"wp-block-paragraph \">\n<p>La campa\u00f1a, que dura todo un mes, est\u00e1 dise\u00f1ada para involucrar a los afiliados, a los miembros y a sus departamentos de bomberos en los esfuerzos por prevenir y reducir el riesgo de c\u00e1ncer ocupacional de los bomberos. El <strong><a href=\"https:\/\/url4057.uniontrack.com\/ls\/click?upn=fWS1OoA-2BNmWeAqm1nOt4GmVBH3N3iPXHuk0e5-2B-2BRhuga52k7j5zuz9IQgF7s6lilCgMxa-2FsHwybS-2FpLNTejMy-2BUi-2Bn5Im8lpY7vZ-2BWSRyets418jm55Acr1KblmzvgFmtprz-2FmXI6wk8U4DYxXxLyOT6InlOsS3z9NA0LimrbeXbDUzUp9aAJxOmrU5IMiWaWMZTBwni0QcjEDJNjhl2a7WH88PsgLjVX91TIgElzgn3ifBtyzb0Zy-2FaSpXvSnX9BUR7OlpXkDUpk90ckxZ-2BcPFpG3mu-2F-2FhVCrn1-2Fc2YZGF9aTTcccuCkdbJEzW3cDx9noq2LFrB-2BIIQIHWTrQSquQ-3D-3DWcpq_DPczAQVUpmoWqBIxIqOjdYvMtk-2BeleEs-2BYP7NDWykXKd6JpoSfAWiopZPxMPVyLMnt6HUUR3SbVorLRt7HO8QVXvdJoek3elh36E3FevikFPuONbPA3Ad6kydv-2FTCJL0Ok7u36ABce0CcDrsLfWvZM578Rx3Wvlf0cdkHJ45zRpQXPYPHP4L8ECxLLeWFz2CBFVpbxx1T-2BG3O7Ov7nvsinPk5-2B3SRfRjeLrLA2IUzDWlT1UENdbfqUn4wO5p0ITCiql-2BxMFVKiqLxGWMHDKGRnDmmNrVB-2FzvVwfcD8rQ3VesyGkZTZUe0e8MDsB01wh6wFwtro6B8oUhSpdqd5XbfM6KNJCI4KWNiu3027-2FBw2M-3D\" target=\"_blank\" rel=\"noreferrer noopener\">sitio web del Mes de Concienciaci\u00f3n sobre el C\u00e1ncer entre los Bomberos<\/a><\/strong> contiene informaci\u00f3n y herramientas para ayudar a los bomberos a estar m\u00e1s informados y concienciados sobre por qu\u00e9 los casos de c\u00e1ncer est\u00e1n aumentando en el servicio de bomberos y c\u00f3mo limitar la exposici\u00f3n diaria a carcin\u00f3genos. <\/p>\n<\/div><div class=\"wp-block-paragraph \">\n<p>Cada semana de esta campa\u00f1a se centra en un tema espec\u00edfico:<\/p>\n<\/div><div class=\"wp-block-paragraph \">\n<p><strong>Semana 1: alcance del c\u00e1ncer en el servicio de bomberos<\/strong><\/p>\n<\/div><div class=\"wp-block-paragraph \">\n<p><strong>Semana 2: investigaci\u00f3n cient\u00edfica relacionada con el c\u00e1ncer ocupacional<\/strong><\/p>\n<\/div><div class=\"wp-block-paragraph \">\n<p><strong>Semana 3: prevenci\u00f3n del c\u00e1ncer ocupacional<\/strong><\/p>\n<\/div><div class=\"wp-block-paragraph \">\n<p><strong>Semana 4: supervivencia, liderazgo y cambio cultural<\/strong><\/p>\n<\/div><div class=\"wp-block-paragraph \">\n<p>Le animamos a utilizar el contenido de cada semana para celebrar una pausa de seguridad semanal en su departamento con el fin de involucrar a los miembros en debates sobre las medidas que deben adoptarse para reducir el riesgo de c\u00e1ncer ocupacional.<\/p>\n<\/div><div class=\"wp-block-paragraph \">\n<p>Los recursos para cada semana incluyen hojas informativas, investigaciones relevantes, presentaciones de PowerPoint, historias de supervivientes, podcasts y gr\u00e1ficos para redes sociales, e incluyen informaci\u00f3n para ayudarle a navegar por el contenido y centrarse en los temas de inter\u00e9s. Adem\u00e1s del contenido semanal, se pueden utilizar informes de formaci\u00f3n como herramientas de debate para educar a los bomberos sobre la reducci\u00f3n del riesgo de c\u00e1ncer ocupacional. <\/p>\n<\/div><div class=\"wp-block-paragraph \">\n<p><strong><a href=\"https:\/\/url4057.uniontrack.com\/ls\/click?upn=fWS1OoA-2BNmWeAqm1nOt4GmVBH3N3iPXHuk0e5-2B-2BRhuga52k7j5zuz9IQgF7s6lilW-2F7-2FwwgneqFiwNOrDLXNHMyS6qn9MtsEDEKXf5RRGuiHZ6ZZxozfifTtLEfPoV8VjAN-2FmQ-2BiBl0WgYGQ663jGTEF5-2BBTQ3yZaynZ3PjFjWfBZEgNWtWtIQUp-2FuJqQ60SpUmk0yuCafyZz2pgdsbuRHm56U2reMX3Mik13sWKJEwOTiT4JHo-2B734W3hjBx-2FanTj-2Ba-2BjpYUlx2W8DwLX0kj4cQ9i98JcsUEt1KD3teB3Uo3scF4ytwDWY7qN321boSLk-2FoyKgKxYVODfRPKd2COQ-3D-3DsnO9_DPczAQVUpmoWqBIxIqOjdYvMtk-2BeleEs-2BYP7NDWykXKd6JpoSfAWiopZPxMPVyLMnt6HUUR3SbVorLRt7HO8QVXvdJoek3elh36E3FevikFPuONbPA3Ad6kydv-2FTCJL0Ok7u36ABce0CcDrsLfWvZM578Rx3Wvlf0cdkHJ45zRpQXPYPHP4L8ECxLLeWFz2CBFVpbxx1T-2BG3O7Ov7nvsiut5mPJYzuiUDuwF06fy5neibGGPEjV87ge0CZEGR14bjJJtAnou3GJsfXSnvhMyB-2B39lk2Ynojq81Xj266fRmzIpTuVmF05rLAlZAuD7gDG6uu6eBdiZjBPuZxVS-2F62cQPIM11Qv6e43R1ZYrCMLsU-3D\" target=\"_blank\" rel=\"noreferrer noopener\">Guarde este sitio en sus marcadores<\/a><\/strong> para acceder a \u00e9l de forma r\u00e1pida y sencilla en cualquier momento.<\/p>\n<\/div><div class=\"wp-block-paragraph \">\n<p><a href=\"https:\/\/url4057.uniontrack.com\/ls\/click?upn=JhariXN3xFqNvQ9hjMJXVJHAwsumElXXoo5skndqAHU66yjNreq-2BjvagNXYmcyEsOrPBxGmd8fw18aMNIF4vubUq7sBo4kJM2LQxFqcmr2nSi2LwgAlxxMFFBpM6rQjlQgN266AcTJuhZAvPhIrHp7CXNV-2BczeSedYR7DfWmwZSAht26kOgSs3mIK92dKyN74Lt4M28-2FZLuYqWZJUouXGw-3D-3DH7x5_DPczAQVUpmoWqBIxIqOjdYvMtk-2BeleEs-2BYP7NDWykXKd6JpoSfAWiopZPxMPVyLMnt6HUUR3SbVorLRt7HO8QVXvdJoek3elh36E3FevikFPuONbPA3Ad6kydv-2FTCJL0Ok7u36ABce0CcDrsLfWvZM578Rx3Wvlf0cdkHJ45zRpQXPYPHP4L8ECxLLeWFz2CBFVpbxx1T-2BG3O7Ov7nvsioi-2B63WQNGdIqbdQmfGEBAY18CjqtuMotkVvojMjhe0ZVjzWNpF46MspEsAaAnJRI7ZojQIGvhNOs5TxQo6bBCK-2F4d5LCpFZ1BxYSoFY-2BMXIsasOrRlgOpULB8MEic52YFd7JBrsksFYaEiNyG1xvwM-3D\" target=\"_blank\" rel=\"noreferrer noopener\">Compre su camiseta del Mes de Concienciaci\u00f3n sobre el C\u00e1ncer entre los Bomberos<\/a>: los beneficios se destinan a Firefighter Cancer Support Network para ayudar a los bomberos que luchan contra el c\u00e1ncer. Esta es una camiseta fabricada en EE. UU.\/por un sindicato. <\/p>\n<\/div>","protected":false},"featured_media":103336,"menu_order":0,"template":"","tags":[],"class_list":["post-103335","news","type-news","status-publish","has-post-thumbnail","hentry"],"acf":[],"publishpress_future_workflow_manual_trigger":{"enabledWorkflows":[]},"_links":{"self":[{"href":"https:\/\/www.iaff.org\/es\/wp-json\/wp\/v2\/news\/103335","targetHints":{"allow":["GET"]}}],"collection":[{"href":"https:\/\/www.iaff.org\/es\/wp-json\/wp\/v2\/news"}],"about":[{"href":"https:\/\/www.iaff.org\/es\/wp-json\/wp\/v2\/types\/news"}],"version-history":[{"count":0,"href":"https:\/\/www.iaff.org\/es\/wp-json\/wp\/v2\/news\/103335\/revisions"}],"wp:featuredmedia":[{"embeddable":true,"href":"https:\/\/www.iaff.org\/es\/wp-json\/wp\/v2\/media\/103336"}],"wp:attachment":[{"href":"https:\/\/www.iaff.org\/es\/wp-json\/wp\/v2\/media?parent=103335"}],"wp:term":[{"taxonomy":"post_tag","embeddable":true,"href":"https:\/\/www.iaff.org\/es\/wp-json\/wp\/v2\/tags?post=103335"}],"curies":[{"name":"wp","href":"https:\/\/api.w.org\/{rel}","templated":true}]}}