{"id":103238,"date":"2022-02-09T20:28:04","date_gmt":"2022-02-10T01:28:04","guid":{"rendered":"https:\/\/www.iaff.org\/news\/los-delegados-sintonizan-con-la-agitada-conferencia-sobre-politica-canadiense-de-jack-jessop\/"},"modified":"2025-07-28T14:38:16","modified_gmt":"2025-07-28T18:38:16","slug":"los-delegados-sintonizan-con-la-agitada-conferencia-sobre-politica-canadiense-de-jack-jessop","status":"publish","type":"news","link":"https:\/\/www.iaff.org\/es\/news\/los-delegados-sintonizan-con-la-agitada-conferencia-sobre-politica-canadiense-de-jack-jessop\/","title":{"rendered":"Los delegados sintonizan con la agitada conferencia sobre pol\u00edtica canadiense de Jack Jessop"},"content":{"rendered":"<div class=\"wp-block-paragraph \">\n<p><strong><a href=\"https:\/\/www.iaff.org\/francais\/les-delegues-se-connectent-a-une-conference-jack-jessop-sur-les-politiques-canadiennes-mouvementee\/\">En franc\u00e9s<\/a><\/strong><\/p>\n<\/div><div class=\"wp-block-paragraph \">\n<p>Un r\u00e9cord de 230 delegados sintonizaron con la Conferencia Bienal sobre Pol\u00edtica Canadiense Jack Jessop del 7 al 8 de febrero para dos d\u00edas de negocios que cubrieron una serie de temas clave, incluyendo el c\u00e1ncer ocupacional, los recursos de salud conductual, los mandatos de vacunaci\u00f3n y el panorama pol\u00edtico federal de Canad\u00e1.<\/p>\n<\/div><div class=\"wp-block-paragraph \">\n<p>Los delegados adoptaron por unanimidad una resoluci\u00f3n que ped\u00eda la creaci\u00f3n de una campa\u00f1a estrat\u00e9gica para ayudar a las asociaciones provinciales afiliadas a maximizar el n\u00famero de c\u00e1nceres ocupacionales y otras enfermedades cubiertas por sus respectivos reg\u00edmenes legislativos presuntivos. Los delegados tambi\u00e9n adoptaron una resoluci\u00f3n pidiendo a la AIB que desarrolle recursos para ayudar a los miembros a navegar por el proceso para solicitar puestos de trabajo en la sede de la AIB en Washington, DC o en la oficina canadiense en Ottawa, Ontario. <\/p>\n<\/div><div class=\"wp-block-paragraph \">\n<p>El Presidente General Ed Kelly y el Secretario-Tesorero General Frank L\u00edma se dirigieron a los delegados. El Presidente General Kelly aprovech\u00f3 la oportunidad para firmar un acuerdo con Edgewood Health Network (EHN) para proporcionar tratamiento y servicios de salud conductual espec\u00edficos para bomberos a los miembros canadienses de la AIB a trav\u00e9s de sus siete instalaciones en todo Canad\u00e1. La firma fue la culminaci\u00f3n de m\u00e1s de un a\u00f1o de negociaciones con EHN Canad\u00e1. El acuerdo es un gran paso adelante para ayudar a los miembros que luchan contra la salud mental y la adicci\u00f3n, y es paralelo al Centro de Excelencia de la AIB para el Tratamiento y la Recuperaci\u00f3n de la Salud Conductual en los Estados Unidos.   <\/p>\n<\/div>\n<figure class=\"wp-block-image aligncenter size-large\"><img decoding=\"async\" src=\"https:\/\/www.iaff.org\/wp-content\/uploads\/\/JJPC-Full-Title-300x169.jpg\" alt=\"\"><\/figure>\n<div class=\"wp-block-paragraph \">\n<p>Kelly agradeci\u00f3 a los delegados de la conferencia por tomarse un tiempo de sus apretadas agendas para hacer el importante trabajo del sindicato. \u201cTodos sabemos que nuestro poder colectivo es lo que ha hecho avanzar este trabajo\u201d, dijo. <\/p>\n<\/div><div class=\"wp-block-paragraph \">\n<p>Se celebraron elecciones para los dos puestos canadienses en el Comit\u00e9 de Relaciones Humanas de la AIB, con Katrina Davison de Vancouver, BC Local 18 y Clive Deonarine de Ajax, ON Local 1092 encabezando la votaci\u00f3n. Ambos aceptaron sus elecciones humildemente, al tiempo que reconocieron a la candidata Ann Bryan de Kingston, ON Local 498, que hab\u00eda servido en el Comit\u00e9 desde 2013, por su servicio y dedicaci\u00f3n. <\/p>\n<\/div><div class=\"wp-block-paragraph \">\n<p>El Asistente del Presidente General para Operaciones Canadienses y el Asesor Legal Canadiense Sean McManus dieron a los delegados una actualizaci\u00f3n legal sobre los mandatos de vacunaci\u00f3n, cubriendo lo que ha sido un tema apremiante para los locales canadienses. Adem\u00e1s, los presidentes de las asociaciones provinciales proporcionaron actualizaciones sobre temas clave en sus regiones. El fideicomisario canadiense Alex Forrest dio un informe a los delegados, y la Asistente de Asuntos Gubernamentales de la AIB Canad\u00e1, Sandy Hamamoto, proporcion\u00f3 una actualizaci\u00f3n sobre la pol\u00edtica federal y la agenda legislativa canadiense de la AIB.  <\/p>\n<\/div><div class=\"wp-block-paragraph \">\n<p>Pamela Musgrave y Averill Stephenson de Muscular Dystrophy Canada actualizaron a los delegados sobre la recaudaci\u00f3n de fondos de la organizaci\u00f3n, que se ha visto afectada por el COVID-19, pero que a\u00fan cuenta con el apoyo de los locales de la AIB en todo Canad\u00e1. El a\u00f1o pasado, la organizaci\u00f3n recibi\u00f3 la acreditaci\u00f3n a trav\u00e9s del Programa de Est\u00e1ndares de Imagine Canada despu\u00e9s de alcanzar puntos de referencia de excelencia en varias \u00e1reas, incluyendo la transparencia, la gobernanza y la recaudaci\u00f3n de fondos. <\/p>\n<\/div><div class=\"wp-block-paragraph \">\n<p>La conferencia fue nombrada en honor al fallecido Jack Jessop por medio de una resoluci\u00f3n en la 55\u00aa Convenci\u00f3n de la AIB el a\u00f1o pasado. Jessop, un querido l\u00edder del antiguo Toronto, ON Local 113, fue el primer director canadiense de la AIB y abri\u00f3 la oficina canadiense de la AIB en Ottawa en junio de 1969. Conocido por su determinaci\u00f3n y su estilo atractivo, Jessop se retir\u00f3 en 1990 y falleci\u00f3 en 2011 a los 89 a\u00f1os.  <\/p>\n<\/div>\n<figure class=\"wp-block-image aligncenter size-large\"><img decoding=\"async\" src=\"https:\/\/www.iaff.org\/wp-content\/uploads\/\/PolConf-Group-300x251.jpg\" alt=\"\"><\/figure>\n<div class=\"wp-block-paragraph \">\n<p>La pr\u00f3xima edici\u00f3n de la conferencia ser\u00e1 organizada por Burnaby, BC Local 323 en 2023.<\/p>\n<\/div>","protected":false},"featured_media":103239,"menu_order":0,"template":"","tags":[],"class_list":["post-103238","news","type-news","status-publish","has-post-thumbnail","hentry"],"acf":[],"publishpress_future_workflow_manual_trigger":{"enabledWorkflows":[]},"_links":{"self":[{"href":"https:\/\/www.iaff.org\/es\/wp-json\/wp\/v2\/news\/103238","targetHints":{"allow":["GET"]}}],"collection":[{"href":"https:\/\/www.iaff.org\/es\/wp-json\/wp\/v2\/news"}],"about":[{"href":"https:\/\/www.iaff.org\/es\/wp-json\/wp\/v2\/types\/news"}],"version-history":[{"count":0,"href":"https:\/\/www.iaff.org\/es\/wp-json\/wp\/v2\/news\/103238\/revisions"}],"wp:featuredmedia":[{"embeddable":true,"href":"https:\/\/www.iaff.org\/es\/wp-json\/wp\/v2\/media\/103239"}],"wp:attachment":[{"href":"https:\/\/www.iaff.org\/es\/wp-json\/wp\/v2\/media?parent=103238"}],"wp:term":[{"taxonomy":"post_tag","embeddable":true,"href":"https:\/\/www.iaff.org\/es\/wp-json\/wp\/v2\/tags?post=103238"}],"curies":[{"name":"wp","href":"https:\/\/api.w.org\/{rel}","templated":true}]}}