{"id":103226,"date":"2022-02-11T17:54:10","date_gmt":"2022-02-11T22:54:10","guid":{"rendered":"https:\/\/www.iaff.org\/news\/las-filiales-de-nueva-york-obtienen-grandes-victorias-en-la-asamblea-general-del-estado\/"},"modified":"2025-07-28T14:30:43","modified_gmt":"2025-07-28T18:30:43","slug":"las-filiales-de-nueva-york-obtienen-grandes-victorias-en-la-asamblea-general-del-estado","status":"publish","type":"news","link":"https:\/\/www.iaff.org\/es\/news\/las-filiales-de-nueva-york-obtienen-grandes-victorias-en-la-asamblea-general-del-estado\/","title":{"rendered":"Las filiales de Nueva York obtienen grandes victorias en la Asamblea General del estado"},"content":{"rendered":"<div class=\"wp-block-paragraph \">\n<p>Los bomberos profesionales de todo el estado de Nueva York se encuentran en una mejor posici\u00f3n, gracias a un esfuerzo concertado entre las filiales que produjo un pu\u00f1ado de victorias legislativas a pesar de un clima pol\u00edtico incierto.<\/p>\n<\/div><div class=\"wp-block-paragraph \">\n<p>Al final del per\u00edodo de sesiones legislativas del a\u00f1o pasado, la gobernadora de Nueva York, Kathy Hochul, promulg\u00f3 leyes que a\u00f1aden la presunci\u00f3n de la enfermedad de Parkinson, un proyecto de ley de mejora del c\u00e1lculo de las pensiones, una pr\u00f3rroga del COLA y un proyecto de ley que a\u00f1ade la discapacidad para los miembros empleados por el ej\u00e9rcito. En una de sus primeras acciones en 2022, la gobernadora Hochul firm\u00f3 la Ley de Protecci\u00f3n de los Bomberos, que proh\u00edbe el uso de productos qu\u00edmicos t\u00f3xicos ign\u00edfugos en muebles y otros productos. <\/p>\n<\/div><div class=\"wp-block-paragraph \">\n<p>Cada uno de estos proyectos de ley hab\u00eda estado languideciendo en la Asamblea del Estado de Nueva York en medio de un marasmo de complicaciones, incluyendo normas estrictas sobre el cabildeo debido a la COVID-19 y la r\u00e1pida salida del gobernador Andrew Cuomo tras las acusaciones de acoso sexual. Antes de que Cuomo dimitiera, \u00e9l tambi\u00e9n complet\u00f3 negocios \u00fatiles para los bomberos, firmando un proyecto de ley que mejoraba un costoso defecto en el Sistema de Jubilaci\u00f3n de la Polic\u00eda y los Bomberos del Estado de Nueva York (NYSPFR). <\/p>\n<\/div><div class=\"wp-block-paragraph \">\n<p>\u201cTen\u00edamos un atasco de legislaci\u00f3n prioritaria y las cosas realmente parecieron abrirse una vez que la gobernadora Kathy Hochul asumi\u00f3 el cargo, allanando el camino para un gran \u00e9xito\u201d, dice el vicepresidente del 1er Distrito, James Slevin.<\/p>\n<\/div><div class=\"wp-block-paragraph \">\n<p>Hochul ha dejado claro que apoya a los bomberos de Nueva York y se puso en contacto con la Asociaci\u00f3n de Bomberos Uniformados Local 94 apenas una semana despu\u00e9s de que el gobernador Cuomo anunciara su dimisi\u00f3n en agosto de 2021. Pregunt\u00f3 c\u00f3mo pod\u00eda apoyar a los bomberos antes del 20\u00ba aniversario del 11-S y, a su vez, fue invitada por el presidente de la Local 94, Andrew Ansbro, a asistir a la 20\u00aa Misa Conmemorativa en la Catedral de San Patricio, con las familias de los 343 bomberos que se perdieron el 11-S y las familias de los cientos de bomberos que han muerto por enfermedades del 11-S en los a\u00f1os posteriores al 11-S. \u201cCualquiera que asistiera a esa misa no pod\u00eda evitar sentirse abrumado por la magnitud de lo que los bomberos de la ciudad de Nueva York y sus familias han sacrificado por Nueva York\u201d, dice Ansbro. \u201cFue una experiencia solemne que ni yo, ni la gobernadora Hochul, ni nadie de los asistentes olvidaremos jam\u00e1s.\u201d   <\/p>\n<\/div><div class=\"wp-block-paragraph \">\n<p>\u201cEsto signific\u00f3 mucho para nosotros y demostr\u00f3 que realmente se preocupa por nuestros miembros\u201d, dice el vicepresidente de la Local 94, Bobby Eustace. \u201cLa gobernadora Hochul ha sido amiga nuestra durante mucho tiempo, mucho antes de convertirse en nuestra gobernadora. Nos ha apoyado, y nosotros seguimos apoy\u00e1ndola a ella.\u201d <\/p>\n<\/div><div class=\"wp-block-paragraph \">\n<p>Por sus esfuerzos, la Asociaci\u00f3n de Bomberos Profesionales del Estado de Nueva York (NYSPFFA), la Asociaci\u00f3n de Oficiales de Bomberos Uniformados (UFOA) Local 854 y la Asociaci\u00f3n de Bomberos Uniformados (UFA) Local 94 anunciaron en enero su respaldo a la gobernadora Hochul mientras busca la reelecci\u00f3n como gobernadora. El evento se celebr\u00f3 en Manhattan y el presidente general Edward Kelly tambi\u00e9n asisti\u00f3 y habl\u00f3. <\/p>\n<\/div><div class=\"wp-block-paragraph \">\n<p>Incluso con una aparente puerta abierta a la nueva oficina del gobernador, la selecci\u00f3n de la legislaci\u00f3n prioritaria y su traslado a trav\u00e9s de la legislatura estatal requiri\u00f3 un esfuerzo coordinado de la NYSPFFA, la UFOA y la UFA. Los locales m\u00e1s peque\u00f1os tambi\u00e9n dieron un paso adelante y ayudaron con el cabildeo. <\/p>\n<\/div><div class=\"wp-block-paragraph \">\n<p>\u201cTrabajamos muy duro para ser inclusivos a nivel local y muchos de nuestros locales m\u00e1s peque\u00f1os se involucraron esta vez, ayud\u00e1ndonos a recorrer los pasillos y educando a los miembros de la legislatura sobre nuestros problemas\u201d, dice el presidente de la NYSPFFA, Sam Fresina.<\/p>\n<\/div><div class=\"wp-block-paragraph \">\n<p>El \u00e9xito en Nueva York no fue en absoluto una cuesti\u00f3n de suerte. Las filiales de Nueva York han trabajado duro a lo largo de los a\u00f1os para construir relaciones con los nuevos legisladores, lo que puede dar sus frutos a medida que esos funcionarios p\u00fablicos ascienden, como hizo Kathy Hochul, de secretaria del condado a miembro del Congreso de los Estados Unidos, a vicegobernadora y luego a gobernadora. <\/p>\n<\/div><div class=\"wp-block-paragraph \">\n<p>\u201cEncuentren a personas que est\u00e9n empezando en la pol\u00edtica, que apoyen a los trabajadores y que respeten a los bomberos. Fomenten la relaci\u00f3n y ay\u00fadenles a ser elegidos; cuando pasen a un cargo superior, sigan apoy\u00e1ndoles\u201d, dice el presidente de la Local 854, James McCarthy. \u201cNo se puede simplemente aparecer cuando alguien se convierte en gobernador y esperar resultados. No funciona as\u00ed.\u201d <\/p>\n<\/div><div class=\"wp-block-paragraph \">\n<p>Las filiales de Nueva York ya est\u00e1n elaborando estrategias para la pr\u00f3xima sesi\u00f3n legislativa, con el objetivo de aprobar un proyecto de ley de equidad en las jubilaciones. M\u00e1s de la mitad de los miembros de la NYSPFFA tienen pensiones cubiertas por los niveles 5 y 6, que ofrecen prestaciones m\u00e1s bajas que las de los miembros de los niveles anteriores. El proyecto de ley acercar\u00eda las pensiones de los niveles 5 y 6 a la equidad con los dem\u00e1s niveles. La NYSPFFA tambi\u00e9n promover\u00e1 un proyecto de ley para proporcionarle una parte del dinero del 2%. El estado recauda un impuesto del 2% sobre las primas de los seguros de hogar, y la mayor parte de los ingresos de ese impuesto han tendido a ir a la asociaci\u00f3n ben\u00e9fica de bomberos voluntarios del estado. La NYSPFFA quiere que parte de esos ingresos ayuden a financiar sus importantes programas de salud y seguridad.     <\/p>\n<\/div>","protected":false},"featured_media":103227,"menu_order":0,"template":"","tags":[],"class_list":["post-103226","news","type-news","status-publish","has-post-thumbnail","hentry"],"acf":[],"publishpress_future_workflow_manual_trigger":{"enabledWorkflows":[]},"_links":{"self":[{"href":"https:\/\/www.iaff.org\/es\/wp-json\/wp\/v2\/news\/103226","targetHints":{"allow":["GET"]}}],"collection":[{"href":"https:\/\/www.iaff.org\/es\/wp-json\/wp\/v2\/news"}],"about":[{"href":"https:\/\/www.iaff.org\/es\/wp-json\/wp\/v2\/types\/news"}],"version-history":[{"count":0,"href":"https:\/\/www.iaff.org\/es\/wp-json\/wp\/v2\/news\/103226\/revisions"}],"wp:featuredmedia":[{"embeddable":true,"href":"https:\/\/www.iaff.org\/es\/wp-json\/wp\/v2\/media\/103227"}],"wp:attachment":[{"href":"https:\/\/www.iaff.org\/es\/wp-json\/wp\/v2\/media?parent=103226"}],"wp:term":[{"taxonomy":"post_tag","embeddable":true,"href":"https:\/\/www.iaff.org\/es\/wp-json\/wp\/v2\/tags?post=103226"}],"curies":[{"name":"wp","href":"https:\/\/api.w.org\/{rel}","templated":true}]}}