{"id":103142,"date":"2022-03-14T13:43:40","date_gmt":"2022-03-14T17:43:40","guid":{"rendered":"https:\/\/www.iaff.org\/news\/los-ciudadanos-de-vancouver-votan-a-favor-de-aumentar-la-financiacion-para-los-servicios-de-bomberos-y-emergencias\/"},"modified":"2025-07-28T12:58:14","modified_gmt":"2025-07-28T16:58:14","slug":"los-ciudadanos-de-vancouver-votan-a-favor-de-aumentar-la-financiacion-para-los-servicios-de-bomberos-y-emergencias","status":"publish","type":"news","link":"https:\/\/www.iaff.org\/es\/news\/los-ciudadanos-de-vancouver-votan-a-favor-de-aumentar-la-financiacion-para-los-servicios-de-bomberos-y-emergencias\/","title":{"rendered":"Los ciudadanos de Vancouver votan a favor de aumentar la financiaci\u00f3n para los servicios de bomberos y emergencias"},"content":{"rendered":"<div class=\"wp-block-paragraph \">\n<p>Tras una exitosa campa\u00f1a de iniciativa electoral por parte de los miembros del Local 452 de Vancouver, WA, los votantes de la ciudad emitieron sus votos para financiar los recursos necesarios para satisfacer la creciente demanda de llamadas de servicio m\u00e9dico de emergencia y bomberos. La Propuesta 2 fue aprobada con casi el 53% de los votos en una elecci\u00f3n especial de febrero. <\/p>\n<\/div><div class=\"wp-block-paragraph \">\n<p>\u201cRealmente apreciamos todo el apoyo que recibimos de los l\u00edderes de la ciudad y los ciudadanos\u201d, dice el presidente del Local 452, Ryan Reese. \u201cEl dinero generado por esta tasa nos permitir\u00e1 contratar nuevos bomberos y personal de servicio m\u00e9dico de emergencia, lo que mejorar\u00e1 los tiempos de respuesta de inmediato. Tambi\u00e9n podremos reemplazar las estaciones de bomberos y los aparatos obsoletos.\u201d <\/p>\n<\/div><div class=\"wp-block-paragraph \">\n<p>La Propuesta 2 aumentar\u00e1 la tasa impositiva predial regular de la ciudad en $0,50 por cada $1.000 del valor de la propiedad tasada a partir de 2023. Se espera que el aumento genere $15 millones adicionales anualmente y se utilizar\u00e1 para los recursos del departamento de bomberos. <\/p>\n<\/div><div class=\"wp-block-paragraph \">\n<p>El dinero ya ha sido destinado a varias necesidades cr\u00edticas, incluyendo:<\/p>\n<\/div><div class=\"wp-block-list\">\n<ul class=\"wp-block-list\">\n<li>Cinco capitanes de bomberos adicionales equivalentes a tiempo completo (FTE), 11 param\u00e9dicos de bomberos, 24 bomberos y personal de apoyo que dotar\u00e1n un nuevo y dos aparatos de escuadr\u00f3n de param\u00e9dicos existentes y un nuevo cami\u00f3n de escalera en un horario de turnos de 24 horas al d\u00eda, 7 d\u00edas a la semana<\/li>\n\n\n\n<li>Un nuevo aparato de escuadr\u00f3n y un cami\u00f3n de escalera<\/li>\n\n\n\n<li>Cuatro capitanes y nueve bomberos en la estaci\u00f3n de bomberos 11 (9606 N.E. 130th Ave. \u2013 actualmente en construcci\u00f3n) de forma permanente a partir de 2025, de acuerdo con el acuerdo interlocal con el Distrito de Bomberos 5<\/li>\n\n\n\n<li>Reemplazo de la estaci\u00f3n de bomberos 3 (1110 N. Devine Rd.) y la estaci\u00f3n de bomberos 6 (3216 N.E. 112th Ave.)<\/li>\n\n\n\n<li>Mejoras s\u00edsmicas, ampliaci\u00f3n y renovaci\u00f3n de la estaci\u00f3n de bomberos 4 (6701 N.E. 147th Ave.), la estaci\u00f3n de bomberos 5 (7110 N.E. 63rd St.) y la estaci\u00f3n de bomberos 8 (213 N.E. 120th Ave.)<\/li>\n\n\n\n<li>Costos administrativos necesarios en otros departamentos para apoyar las inversiones descritas anteriormente<\/li>\n\n\n\n<li>Gastos operativos, de mantenimiento, de veh\u00edculos y de capital adicionales para proporcionar servicios mejorados de bomberos y emergencias seg\u00fan lo determine el Ayuntamiento de Vancouver<\/li>\n<\/ul>\n<\/div>","protected":false},"featured_media":103143,"menu_order":0,"template":"","tags":[],"class_list":["post-103142","news","type-news","status-publish","has-post-thumbnail","hentry"],"acf":[],"publishpress_future_workflow_manual_trigger":{"enabledWorkflows":[]},"_links":{"self":[{"href":"https:\/\/www.iaff.org\/es\/wp-json\/wp\/v2\/news\/103142","targetHints":{"allow":["GET"]}}],"collection":[{"href":"https:\/\/www.iaff.org\/es\/wp-json\/wp\/v2\/news"}],"about":[{"href":"https:\/\/www.iaff.org\/es\/wp-json\/wp\/v2\/types\/news"}],"version-history":[{"count":0,"href":"https:\/\/www.iaff.org\/es\/wp-json\/wp\/v2\/news\/103142\/revisions"}],"wp:featuredmedia":[{"embeddable":true,"href":"https:\/\/www.iaff.org\/es\/wp-json\/wp\/v2\/media\/103143"}],"wp:attachment":[{"href":"https:\/\/www.iaff.org\/es\/wp-json\/wp\/v2\/media?parent=103142"}],"wp:term":[{"taxonomy":"post_tag","embeddable":true,"href":"https:\/\/www.iaff.org\/es\/wp-json\/wp\/v2\/tags?post=103142"}],"curies":[{"name":"wp","href":"https:\/\/api.w.org\/{rel}","templated":true}]}}