{"id":102996,"date":"2022-06-13T14:55:12","date_gmt":"2022-06-13T18:55:12","guid":{"rendered":"https:\/\/www.iaff.org\/news\/la-seccion-local-2742-de-orem-ut-se-reafilia-con-la-aib\/"},"modified":"2025-12-03T14:53:19","modified_gmt":"2025-12-03T19:53:19","slug":"la-seccion-local-2742-de-orem-ut-se-reafilia-con-la-aib","status":"publish","type":"news","link":"https:\/\/www.iaff.org\/es\/news\/la-seccion-local-2742-de-orem-ut-se-reafilia-con-la-aib\/","title":{"rendered":"El Local 2742 de Orem, UT, se reafilia a la AIB"},"content":{"rendered":"<div class=\"wp-block-paragraph \">\n<p>La AIB da la bienvenida de nuevo a uno de sus afiliados de Utah, el Local 2742 de Orem, tras una ausencia de 23 a\u00f1os. El Local 2742, recientemente reorganizado, a\u00f1ade 59 nuevos miembros a la AIB. <\/p>\n<\/div><div class=\"wp-block-paragraph \">\n<p>\u201cEs fant\u00e1stico tener de vuelta a la secci\u00f3n local 2742 en la AIB. Los miembros de Orem son un grupo muy motivado de bomberos que est\u00e1n listos para ponerse manos a la obra\u201d, dice el presidente general Edward Kelly. \u201cEstoy deseando ver qu\u00e9 podemos hacer juntos\u201d. <\/p>\n<\/div><div class=\"wp-block-paragraph \">\n<p>\u201cMe complace dar la bienvenida a los nuevos miembros de la secci\u00f3n local 2742 a la familia del 9.\u00ba distrito\u201d, dice el vicepresidente del 9.\u00ba distrito, Michael Frainier. \u201cS\u00e9 que ser\u00e1n una gran baza para este sindicato y estoy deseando ayudarles a alcanzar sus objetivos\u201d. La ciudad de Orem est\u00e1 situada a 72 kil\u00f3metros al sur de Salt Lake City. Los miembros de la secci\u00f3n local 2742 responden desde cuatro parques de bomberos estrat\u00e9gicamente situados alrededor de la ciudad.   <\/p>\n<\/div><div class=\"wp-block-paragraph \">\n<p>Los miembros decidieron que ahora era el momento de reafiliarse con la AIB y la PFFU porque vieron lo mucho que el sindicato y la asociaci\u00f3n estatal estaban trabajando en nombre de todos los bomberos profesionales.<\/p>\n<\/div><div class=\"wp-block-paragraph \">\n<p>\u201cMientras la AIB y la PFFU luchan por mantenernos seguros en el trabajo y por mejores salarios y beneficios, queremos formar parte del proceso y prestar nuestra voz\u201d, dice el presidente de la secci\u00f3n local 2742, Jason Garcia. \u201cNuestros miembros est\u00e1n deseando establecer contactos con otras secciones locales como la nuestra y aprovechar los muchos recursos excelentes que se ofrecen, como el apoyo entre compa\u00f1eros\u201d. <\/p>\n<\/div><div class=\"wp-block-paragraph \">\n<p>Junto con el presidente Garcia, en la junta ejecutiva de la secci\u00f3n local 2742 se encuentran el vicepresidente Trevor McGuinty y el secretario-tesorero Cameron Monahan.<\/p>\n<\/div>","protected":false},"featured_media":102997,"menu_order":0,"template":"","tags":[],"class_list":["post-102996","news","type-news","status-publish","has-post-thumbnail","hentry"],"acf":[],"publishpress_future_workflow_manual_trigger":{"enabledWorkflows":[]},"_links":{"self":[{"href":"https:\/\/www.iaff.org\/es\/wp-json\/wp\/v2\/news\/102996","targetHints":{"allow":["GET"]}}],"collection":[{"href":"https:\/\/www.iaff.org\/es\/wp-json\/wp\/v2\/news"}],"about":[{"href":"https:\/\/www.iaff.org\/es\/wp-json\/wp\/v2\/types\/news"}],"version-history":[{"count":0,"href":"https:\/\/www.iaff.org\/es\/wp-json\/wp\/v2\/news\/102996\/revisions"}],"wp:featuredmedia":[{"embeddable":true,"href":"https:\/\/www.iaff.org\/es\/wp-json\/wp\/v2\/media\/102997"}],"wp:attachment":[{"href":"https:\/\/www.iaff.org\/es\/wp-json\/wp\/v2\/media?parent=102996"}],"wp:term":[{"taxonomy":"post_tag","embeddable":true,"href":"https:\/\/www.iaff.org\/es\/wp-json\/wp\/v2\/tags?post=102996"}],"curies":[{"name":"wp","href":"https:\/\/api.w.org\/{rel}","templated":true}]}}