{"id":102974,"date":"2022-06-29T20:32:39","date_gmt":"2022-06-30T00:32:39","guid":{"rendered":"https:\/\/www.iaff.org\/news\/nueve-anos-despues-aib-nunca-olvidara-yarnell-hill-19\/"},"modified":"2025-12-03T14:53:19","modified_gmt":"2025-12-03T19:53:19","slug":"nueve-anos-despues-aib-nunca-olvidara-yarnell-hill-19","status":"publish","type":"news","link":"https:\/\/www.iaff.org\/es\/news\/nueve-anos-despues-aib-nunca-olvidara-yarnell-hill-19\/","title":{"rendered":"Nueve a\u00f1os despu\u00e9s: la AIB nunca olvidar\u00e1 a los 19 de Yarnell Hill"},"content":{"rendered":"<div class=\"wp-block-paragraph \">\n<p>La AIB recuerda a los 19 bomberos de Prescott, Arizona, que fallecieron en acto de servicio el 30 de junio de 2013, mientras luchaban contra un incendio forestal de r\u00e1pida propagaci\u00f3n cerca de Yarnell Hill. Fue la mayor p\u00e9rdida de vidas de bomberos desde el 11 de septiembre de 2001. <\/p>\n<\/div><div class=\"wp-block-paragraph \">\n<p>Los Granite Mountain Hotshots ca\u00eddos son: Robert Caldwell, Travis Carter, Eric Marsh, Jesse Steed, Travis Turbyfill, Clayton Whitted, Andrew Ashcraft, Dustin DeFord, Christopher MacKenzie, Grant McKee, Sean Misner, Scott Norris, Wade Parker, John Percin Jr., Anthony Rose, Joe Thurston, William Warneke, Kevin Woyjeck y Garret Zuppiger.<\/p>\n<\/div><div class=\"wp-block-paragraph \">\n<p>\u201cAquel d\u00eda de 2013, perdimos a 19 hermanos. Aunque han pasado nueve a\u00f1os, todav\u00eda se siente como si fuera ayer para nuestras hermanas y hermanos del United Yavapai Local 3066, y para todos los que los conocieron bien\u201d, dice el presidente general Ed Kelly. \u201cEn este aniversario, la AIB recuerda a cada uno de los ca\u00eddos y nos reafirmamos en todo lo que representaron y en el sacrificio que cada uno hizo.\u201d <\/p>\n<\/div><div class=\"wp-block-paragraph \">\n<p>\u201cHace nueve a\u00f1os, perdimos tr\u00e1gicamente a 19 de nuestros hermanos luchando contra el incendio de Yarnell Hill\u201d, dice el secretario-tesorero general Frank L\u00edma. \u201cEn su memoria, nuestro sindicato contin\u00faa luchando por mejorar los protocolos de seguridad y las condiciones de trabajo para evitar futuras tragedias.\u201d<\/p>\n<\/div><div class=\"wp-block-paragraph \">\n<p>La tripulaci\u00f3n de 20 miembros de Granite Mountain estaba trabajando para contener el fuego cuando este sobrepas\u00f3 su posici\u00f3n. Brendan McDonough, que estaba de guardia en un lugar aparte, fue el \u00fanico que sobrevivi\u00f3. M\u00e1s tarde, McDonough puso en marcha un centro de recuperaci\u00f3n de salud conductual y abuso de sustancias en Prescott, Arizona, llamado Holdfast Recovery.  <\/p>\n<\/div><div class=\"wp-block-paragraph \">\n<p>Con la aprobaci\u00f3n de la HB 2624, la C\u00e1mara de Representantes de Arizona autoriz\u00f3 la creaci\u00f3n y financiaci\u00f3n del <a href=\"https:\/\/azstateparks.com\/hotshots\/\" target=\"_blank\" rel=\"noreferrer noopener\">Granite Mountain Hotshots Memorial Park<\/a> en 2014. El parque, que fue dise\u00f1ado para honrar a los ca\u00eddos, se abri\u00f3 oficialmente al p\u00fablico dos a\u00f1os despu\u00e9s. <\/p>\n<\/div><div class=\"wp-block-paragraph \">\n<p>Lea el informe sobre el incidente <a href=\"https:\/\/dffm.az.gov\/yarnell-hill-report-available\" target=\"_blank\" rel=\"noreferrer noopener\">aqu\u00ed<\/a>.<\/p>\n<\/div>","protected":false},"featured_media":102975,"menu_order":0,"template":"","tags":[],"class_list":["post-102974","news","type-news","status-publish","has-post-thumbnail","hentry"],"acf":[],"publishpress_future_workflow_manual_trigger":{"enabledWorkflows":[]},"_links":{"self":[{"href":"https:\/\/www.iaff.org\/es\/wp-json\/wp\/v2\/news\/102974","targetHints":{"allow":["GET"]}}],"collection":[{"href":"https:\/\/www.iaff.org\/es\/wp-json\/wp\/v2\/news"}],"about":[{"href":"https:\/\/www.iaff.org\/es\/wp-json\/wp\/v2\/types\/news"}],"version-history":[{"count":0,"href":"https:\/\/www.iaff.org\/es\/wp-json\/wp\/v2\/news\/102974\/revisions"}],"wp:featuredmedia":[{"embeddable":true,"href":"https:\/\/www.iaff.org\/es\/wp-json\/wp\/v2\/media\/102975"}],"wp:attachment":[{"href":"https:\/\/www.iaff.org\/es\/wp-json\/wp\/v2\/media?parent=102974"}],"wp:term":[{"taxonomy":"post_tag","embeddable":true,"href":"https:\/\/www.iaff.org\/es\/wp-json\/wp\/v2\/tags?post=102974"}],"curies":[{"name":"wp","href":"https:\/\/api.w.org\/{rel}","templated":true}]}}