{"id":102927,"date":"2022-07-15T19:07:28","date_gmt":"2022-07-15T23:07:28","guid":{"rendered":"https:\/\/www.iaff.org\/news\/se-abre-el-concurso-de-premios-de-medios-de-comunicacion-de-la-aib-2022\/"},"modified":"2025-12-03T14:53:18","modified_gmt":"2025-12-03T19:53:18","slug":"se-abre-el-concurso-de-premios-de-medios-de-comunicacion-de-la-aib-2022","status":"publish","type":"news","link":"https:\/\/www.iaff.org\/es\/news\/se-abre-el-concurso-de-premios-de-medios-de-comunicacion-de-la-aib-2022\/","title":{"rendered":"Se abre el concurso de los Premios de Medios de Comunicaci\u00f3n de la AIB de 2022"},"content":{"rendered":"<div class=\"wp-block-paragraph \">\n<p>\u00a1La AIB ya est\u00e1 aceptando candidaturas para el concurso de los Premios de Medios de Comunicaci\u00f3n de la AIB de 2022!<\/p>\n<\/div><div class=\"wp-block-paragraph \">\n<p>Si su delegaci\u00f3n local ha aparecido en las noticias o ha producido una s\u00f3lida campa\u00f1a de relaciones p\u00fablicas, el concurso de premios de medios de comunicaci\u00f3n de la AIB es una gran oportunidad para promover la seguridad p\u00fablica y los problemas de los bomberos en su comunidad.<\/p>\n<\/div><div class=\"wp-block-paragraph \">\n<p>La fecha l\u00edmite para las candidaturas es el <strong>5 de agosto<\/strong>. (Nota: Todas las candidaturas al concurso de este a\u00f1o deben haberse producido, publicado o emitido entre mayo de 2021 y mayo de 2022). <\/p>\n<\/div><div class=\"wp-block-paragraph \">\n<p><a href=\"https:\/\/www.iaff.org\/es\/premios-de-medios\/\" target=\"_blank\" rel=\"noreferrer noopener\"><strong>PRESENTAR UNA CANDIDATURA<\/strong><\/a><\/p>\n<\/div>\n<figure class=\"wp-block-image aligncenter size-large is-resized\"><img decoding=\"async\" src=\"https:\/\/www.iaff.org\/wp-content\/uploads\/Screenshot-2022-07-14-2.10.50-PM-e1657911927198.png\" alt=\"\" style=\"width:480px\"><\/figure>\n<div class=\"wp-block-paragraph \">\n<p>El concurso de premios de medios de comunicaci\u00f3n de la AIB reconoce a los afiliados por su importante labor de comunicaci\u00f3n con sus miembros y con el p\u00fablico. El concurso incluye <a href=\"https:\/\/www.iaff.org\/es\/premios-de-medios\/#contest-categories\" target=\"_blank\" rel=\"noreferrer noopener\">categor\u00edas<\/a> para comunicaciones, reportajes y fotograf\u00eda que mejor retraten a los bomberos y param\u00e9dicos como socorristas dedicados y preparados para todo tipo de peligros. Consulte los <a href=\"https:\/\/www.iaff.org\/es\/premios-de-medios\/#past-winners\" target=\"_blank\" rel=\"noreferrer noopener\">ganadores anteriores<\/a> del concurso de premios de medios de comunicaci\u00f3n de la AIB.  <\/p>\n<\/div><div class=\"wp-block-paragraph \">\n<p>Los ganadores son reconocidos en la revista International Fire Fighter Quarterly y en el sitio web de los premios de medios de comunicaci\u00f3n de la AIB.<\/p>\n<\/div><div class=\"wp-block-paragraph \">\n<p>Para obtener m\u00e1s informaci\u00f3n, p\u00f3ngase en contacto con <a href=\"mailto:mediaawards@iaff.org\" target=\"_blank\" rel=\"noreferrer noopener\">mediaawards@iaff.org<\/a>.<\/p>\n<\/div>","protected":false},"featured_media":102928,"menu_order":0,"template":"","tags":[],"class_list":["post-102927","news","type-news","status-publish","has-post-thumbnail","hentry"],"acf":[],"publishpress_future_workflow_manual_trigger":{"enabledWorkflows":[]},"_links":{"self":[{"href":"https:\/\/www.iaff.org\/es\/wp-json\/wp\/v2\/news\/102927","targetHints":{"allow":["GET"]}}],"collection":[{"href":"https:\/\/www.iaff.org\/es\/wp-json\/wp\/v2\/news"}],"about":[{"href":"https:\/\/www.iaff.org\/es\/wp-json\/wp\/v2\/types\/news"}],"version-history":[{"count":0,"href":"https:\/\/www.iaff.org\/es\/wp-json\/wp\/v2\/news\/102927\/revisions"}],"wp:featuredmedia":[{"embeddable":true,"href":"https:\/\/www.iaff.org\/es\/wp-json\/wp\/v2\/media\/102928"}],"wp:attachment":[{"href":"https:\/\/www.iaff.org\/es\/wp-json\/wp\/v2\/media?parent=102927"}],"wp:term":[{"taxonomy":"post_tag","embeddable":true,"href":"https:\/\/www.iaff.org\/es\/wp-json\/wp\/v2\/tags?post=102927"}],"curies":[{"name":"wp","href":"https:\/\/api.w.org\/{rel}","templated":true}]}}