{"id":102921,"date":"2022-07-16T18:14:44","date_gmt":"2022-07-16T22:14:44","guid":{"rendered":"https:\/\/www.iaff.org\/news\/organizacion-mundial-de-la-salud-vincula-la-lucha-contra-incendios-y-el-cancer-laboral\/"},"modified":"2025-07-28T09:47:58","modified_gmt":"2025-07-28T13:47:58","slug":"organizacion-mundial-de-la-salud-vincula-la-lucha-contra-incendios-y-el-cancer-laboral","status":"publish","type":"news","link":"https:\/\/www.iaff.org\/es\/news\/organizacion-mundial-de-la-salud-vincula-la-lucha-contra-incendios-y-el-cancer-laboral\/","title":{"rendered":"Organizaci\u00f3n mundial de la salud vincula la lucha contra incendios y el c\u00e1ncer laboral"},"content":{"rendered":"<div class=\"wp-block-paragraph \">\n<p>El Organismo Internacional de Investigaci\u00f3n sobre el C\u00e1ncer (AIB), el organismo de investigaci\u00f3n sobre el c\u00e1ncer de la Organizaci\u00f3n Mundial de la Salud (OMS), ha reevaluado la lucha contra incendios y ha clasificado la exposici\u00f3n laboral de los bomberos como carcin\u00f3geno del grupo 1, afirmando que existen pruebas suficientes de c\u00e1ncer en humanos.<\/p>\n<\/div><div class=\"wp-block-paragraph \">\n<p>La clasificaci\u00f3n anunciada en Lyon (Francia) el 1 de julio marca un cambio dr\u00e1stico en la postura del AIB sobre el c\u00e1ncer laboral de los bomberos. Esta designaci\u00f3n probablemente tendr\u00e1 un gran impacto en la lucha contra el c\u00e1ncer en el servicio de bomberos, desde la investigaci\u00f3n m\u00e9dica en curso hasta las leyes presuntivas. <\/p>\n<\/div><div class=\"wp-block-paragraph \">\n<p>Un grupo de trabajo de 25 expertos internacionales, entre ellos el administrador fiduciario canadiense del AIB, Alex Forrest, se reuni\u00f3 en Lyon para reevaluar la relaci\u00f3n entre la exposici\u00f3n laboral de los bomberos y el c\u00e1ncer.<\/p>\n<\/div><div class=\"wp-block-paragraph \">\n<p>El grupo de trabajo del AIB descubri\u00f3 que \u201cla exposici\u00f3n laboral como bombero causa c\u00e1ncer\u201d. El AIB encontr\u00f3 pruebas suficientes de c\u00e1ncer en humanos para el mesotelioma y el c\u00e1ncer de vejiga, y pruebas limitadas para varios otros tipos de c\u00e1ncer. <\/p>\n<\/div><div class=\"wp-block-paragraph \">\n<p>Durante d\u00e9cadas, el AIB hab\u00eda clasificado las exposiciones laborales de los bomberos como \u201cGrupo 2B\u201d, lo que significa que las exposiciones eran \u201cposiblemente\u201d carcin\u00f3genas. La nueva clasificaci\u00f3n, \u201cGrupo 1: carcin\u00f3geno para los humanos\u201d, sit\u00faa ahora la lucha contra incendios a la par del tabaco y el benceno. <\/p>\n<\/div><div class=\"wp-block-paragraph \">\n<p>La nueva clasificaci\u00f3n culmina un esfuerzo de 20 a\u00f1os del AIB para obtener el apoyo del AIB para el c\u00e1ncer laboral, liderado por Forrest, quien tambi\u00e9n es representante de servicios de campo del Distrito 13 y presidente de la Asociaci\u00f3n de Bomberos Profesionales de Manitoba. Forrest, con el pleno apoyo del AIB, se uni\u00f3 al Grupo de Trabajo del AIB hace cinco a\u00f1os como el \u00fanico bombero y profesional no m\u00e9dico. <\/p>\n<\/div><div class=\"wp-block-paragraph \">\n<p>\u201cTuve que quitarme el casco de bombero y ponerme el sombrero de la comunidad m\u00e9dica para hacer lo que pudiera para convencer al Grupo de Trabajo de que cambiara la clasificaci\u00f3n\u201d, dice Forrest. \u201cEste es realmente un momento tr\u00e1gico, saber con certeza que hemos estado trabajando en condiciones tan peligrosas. Pero tambi\u00e9n es un momento hist\u00f3rico, porque no podemos solucionar un problema hasta que todos estemos de acuerdo en que el problema existe\u201d. <\/p>\n<\/div><div class=\"wp-block-paragraph \">\n<p>Forrest dice que, con el tiempo, la nueva clasificaci\u00f3n del AIB har\u00e1 que la lucha contra incendios sea m\u00e1s segura porque ahora existe un consenso m\u00e9dico formal sobre el c\u00e1ncer laboral de los bomberos.<\/p>\n<\/div><div class=\"wp-block-paragraph \">\n<p>Un <a href=\"https:\/\/www.thelancet.com\/journals\/lanonc\/article\/PIIS1470-2045(22)00390-4\/fulltext\" target=\"_blank\" rel=\"noreferrer noopener\">resumen de las evaluaciones finales<\/a> se publica en l\u00ednea en <em>The Lancet Oncology<\/em>.<\/p>\n<\/div>","protected":false},"featured_media":102922,"menu_order":0,"template":"","tags":[],"class_list":["post-102921","news","type-news","status-publish","has-post-thumbnail","hentry"],"acf":[],"publishpress_future_workflow_manual_trigger":{"enabledWorkflows":[]},"_links":{"self":[{"href":"https:\/\/www.iaff.org\/es\/wp-json\/wp\/v2\/news\/102921","targetHints":{"allow":["GET"]}}],"collection":[{"href":"https:\/\/www.iaff.org\/es\/wp-json\/wp\/v2\/news"}],"about":[{"href":"https:\/\/www.iaff.org\/es\/wp-json\/wp\/v2\/types\/news"}],"version-history":[{"count":0,"href":"https:\/\/www.iaff.org\/es\/wp-json\/wp\/v2\/news\/102921\/revisions"}],"wp:featuredmedia":[{"embeddable":true,"href":"https:\/\/www.iaff.org\/es\/wp-json\/wp\/v2\/media\/102922"}],"wp:attachment":[{"href":"https:\/\/www.iaff.org\/es\/wp-json\/wp\/v2\/media?parent=102921"}],"wp:term":[{"taxonomy":"post_tag","embeddable":true,"href":"https:\/\/www.iaff.org\/es\/wp-json\/wp\/v2\/tags?post=102921"}],"curies":[{"name":"wp","href":"https:\/\/api.w.org\/{rel}","templated":true}]}}