{"id":102863,"date":"2022-08-05T15:25:12","date_gmt":"2022-08-05T19:25:12","guid":{"rendered":"https:\/\/www.iaff.org\/news\/aib-preparado-para-los-asuntos-de-la-convencion-en-ottawa\/"},"modified":"2025-12-03T14:53:19","modified_gmt":"2025-12-03T19:53:19","slug":"aib-preparado-para-los-asuntos-de-la-convencion-en-ottawa","status":"publish","type":"news","link":"https:\/\/www.iaff.org\/es\/news\/aib-preparado-para-los-asuntos-de-la-convencion-en-ottawa\/","title":{"rendered":"La AIB se prepara para los asuntos de la convenci\u00f3n en Ottawa"},"content":{"rendered":"<div class=\"wp-block-paragraph \">\n<p>La <a href=\"https:\/\/www.iaff.org\/convention2022-enter\/\">56.\u00aa Convenci\u00f3n del AIB<\/a> comienza oficialmente el lunes 8 de agosto en la capital canadiense de Ottawa, pero los principales funcionarios, la junta ejecutiva y los miembros del comit\u00e9 del sindicato se reunieron a principios de esta semana para perfeccionar los asuntos y la agenda que se avecinan.<\/p>\n<\/div><div class=\"wp-block-paragraph \">\n<p>Los l\u00edderes y delegados del AIB pasar\u00e1n la semana de la convenci\u00f3n tomando decisiones que marcar\u00e1n el camino a seguir para el sindicato y sus miembros, todo ello en consonancia con el tema de la convenci\u00f3n: Compromiso con la excelencia.<\/p>\n<\/div><div class=\"wp-block-paragraph \">\n<p>\u201cEs un compromiso [con la excelencia] que todos nosotros, los principales funcionarios, la junta ejecutiva y los miembros del comit\u00e9, nos tomamos en serio\u201d, dice el presidente general Edward Kelly. \u201cDurante la semana de la convenci\u00f3n, espero trabajar con los l\u00edderes y los delegados para tomar decisiones clave que garanticen un futuro brillante para nuestro sindicato.\u201d <\/p>\n<\/div><div class=\"wp-block-paragraph \">\n<p>\u201cLa convenci\u00f3n es una oportunidad importante para que los delegados hagan o\u00edr su voz al marcar el rumbo del futuro del AIB\u201d, dice el secretario-tesorero general Frank L\u00edma. \u201cEsperamos tener grandes debates sobre muchas resoluciones importantes que financian los servicios y programas de los que dependen nuestros miembros.\u201d <\/p>\n<\/div>\n<figure class=\"wp-block-image aligncenter size-large\"><img decoding=\"async\" src=\"https:\/\/www.iaff.org\/wp-content\/uploads\/\/GP_GSTConv-240x300.jpg\" alt=\"\"><\/figure>\n<div class=\"wp-block-paragraph \">\n<p>La junta ejecutiva se ha reunido para revisar el programa de la convenci\u00f3n y todos los asuntos sindicales previstos para garantizar que todo funcione sin problemas una vez que lleguen los delegados.<\/p>\n<\/div><div class=\"wp-block-paragraph \">\n<p>Adem\u00e1s, los comit\u00e9s del AIB est\u00e1n debatiendo cada una de las 46 <a href=\"https:\/\/www.iaff.org\/convention2022\/#resolutions\">resoluciones de la convenci\u00f3n<\/a> que se someter\u00e1n a consideraci\u00f3n, incluidas las que se centran en una mayor transparencia, facilitando la participaci\u00f3n de los locales grandes y peque\u00f1os en la convenci\u00f3n, aumentando la financiaci\u00f3n para la investigaci\u00f3n del c\u00e1ncer y mejorando las operaciones diarias del AIB. Durante la convenci\u00f3n, los miembros del comit\u00e9 asesorar\u00e1n a los delegados sobre qu\u00e9 resoluciones recomiendan aprobar. <\/p>\n<\/div><div class=\"wp-block-paragraph \">\n<p>La sala de exposiciones se abrir\u00e1 a partir de las 9 de la ma\u00f1ana del domingo 7 de agosto. Los delegados podr\u00e1n hacer preguntas y reunirse con el personal de la sede de cada una de las divisiones y departamentos del AIB. Las agencias asociadas y los patrocinadores del evento tambi\u00e9n tendr\u00e1n stands donde los delegados podr\u00e1n obtener informaci\u00f3n para llevar a sus miembros.  <\/p>\n<\/div><div class=\"wp-block-paragraph \">\n<p>El anfitri\u00f3n local, Ottawa Local 162, tambi\u00e9n estar\u00e1 presente para ayudar a los delegados durante toda la semana, comenzando con la recepci\u00f3n de bienvenida en Lowertown Brewery de 16:00 a 21:00 horas, el domingo 7 de agosto. En el sitio web de la convenci\u00f3n ya se puede ver una lista de actividades para realizar despu\u00e9s de la finalizaci\u00f3n de los asuntos de cada d\u00eda. <\/p>\n<\/div>\n<figure class=\"wp-block-image aligncenter size-large\"><img decoding=\"async\" src=\"https:\/\/www.iaff.org\/wp-content\/uploads\/Committee-Meeting-300x225.jpg\" alt=\"\"><\/figure>\n","protected":false},"featured_media":102864,"menu_order":0,"template":"","tags":[],"class_list":["post-102863","news","type-news","status-publish","has-post-thumbnail","hentry"],"acf":[],"publishpress_future_workflow_manual_trigger":{"enabledWorkflows":[]},"_links":{"self":[{"href":"https:\/\/www.iaff.org\/es\/wp-json\/wp\/v2\/news\/102863","targetHints":{"allow":["GET"]}}],"collection":[{"href":"https:\/\/www.iaff.org\/es\/wp-json\/wp\/v2\/news"}],"about":[{"href":"https:\/\/www.iaff.org\/es\/wp-json\/wp\/v2\/types\/news"}],"version-history":[{"count":0,"href":"https:\/\/www.iaff.org\/es\/wp-json\/wp\/v2\/news\/102863\/revisions"}],"wp:featuredmedia":[{"embeddable":true,"href":"https:\/\/www.iaff.org\/es\/wp-json\/wp\/v2\/media\/102864"}],"wp:attachment":[{"href":"https:\/\/www.iaff.org\/es\/wp-json\/wp\/v2\/media?parent=102863"}],"wp:term":[{"taxonomy":"post_tag","embeddable":true,"href":"https:\/\/www.iaff.org\/es\/wp-json\/wp\/v2\/tags?post=102863"}],"curies":[{"name":"wp","href":"https:\/\/api.w.org\/{rel}","templated":true}]}}