{"id":102814,"date":"2022-08-22T13:40:26","date_gmt":"2022-08-22T17:40:26","guid":{"rendered":"https:\/\/www.iaff.org\/news\/los-bomberos-de-gadsden-denuncian-represalias-por-una-demanda-por-horas-extras\/"},"modified":"2025-07-25T14:53:38","modified_gmt":"2025-07-25T18:53:38","slug":"los-bomberos-de-gadsden-denuncian-represalias-por-una-demanda-por-horas-extras","status":"publish","type":"news","link":"https:\/\/www.iaff.org\/es\/news\/los-bomberos-de-gadsden-denuncian-represalias-por-una-demanda-por-horas-extras\/","title":{"rendered":"Los bomberos de Gadsden denuncian represalias por una demanda por horas extras"},"content":{"rendered":"<div class=\"wp-block-paragraph \">\n<p>La secci\u00f3n local 454 de Gadsden est\u00e1 librando una batalla legal contra la ciudad de Gadsden, Alabama, por varios a\u00f1os de horas extras no pagadas.<\/p>\n<\/div><div class=\"wp-block-paragraph \">\n<p>Esa lucha dio un giro este mes cuando la filial local present\u00f3 una denuncia enmendada alegando que los funcionarios de la ciudad tomaron represalias contra tres miembros de la secci\u00f3n local 454 por publicaciones en redes sociales consideradas cr\u00edticas con la postura de la ciudad al respecto.<\/p>\n<\/div><div class=\"wp-block-paragraph \">\n<p>La denuncia original de los bomberos, presentada en mayo, busca la recuperaci\u00f3n de da\u00f1os y perjuicios de Gadsden, alegando que los funcionarios no pagaron las horas extras a unos 100 bomberos en violaci\u00f3n de la Ley de Normas Justas de Trabajo.<\/p>\n<\/div><div class=\"wp-block-paragraph \">\n<p>\u201cEsto lleva a\u00f1os sucediendo. Se supone que la ciudad, por ley, debe pagarnos tiempo y medio por las horas extras, y eso no ha estado sucediendo\u201d, dijo Matt Bom, presidente de la secci\u00f3n local 454 de Gadsden.<\/p>\n<\/div><div class=\"wp-block-paragraph \">\n<p>Desde esa demanda original, la ciudad ha tomado como objetivo a tres miembros de la secci\u00f3n local 454 para disciplinarlos citando comentarios que hicieron en las redes sociales criticando la situaci\u00f3n. Los demandantes dijeron que se les dijo que, debido a la demanda original, la ciudad podr\u00eda eliminar el pago de horas extras para los turnos de los domingos, y que la tasa de acumulaci\u00f3n de tiempo por enfermedad tambi\u00e9n podr\u00eda reducirse. <\/p>\n<\/div><div class=\"wp-block-paragraph \">\n<p>A principios de este mes, la secci\u00f3n local 454, con la asistencia de la Internacional, present\u00f3 una denuncia enmendada contra la ciudad por represalias injustas. La denuncia enmendada ha llamado la atenci\u00f3n de los <a href=\"https:\/\/www.gadsdentimes.com\/story\/news\/2022\/08\/12\/gadsden-alabama-firefighter-lawsuit-pay-violations-fire-department\/10297492002\/\" target=\"_blank\" rel=\"noreferrer noopener\">medios de comunicaci\u00f3n locales<\/a>. <\/p>\n<\/div><div class=\"wp-block-paragraph \">\n<p>\u201cAgradecemos la asistencia y la orientaci\u00f3n legal del AIB y confiamos en que ganaremos esta demanda y los bomberos de Gadsden finalmente recibir\u00e1n el pago que se les debe, incluyendo el pago atrasado\u201d, dijo el presidente Bom. \u201cLa ley es clara en esto.\u201d <\/p>\n<\/div>","protected":false},"featured_media":102815,"menu_order":0,"template":"","tags":[],"class_list":["post-102814","news","type-news","status-publish","has-post-thumbnail","hentry"],"acf":[],"publishpress_future_workflow_manual_trigger":{"enabledWorkflows":[]},"_links":{"self":[{"href":"https:\/\/www.iaff.org\/es\/wp-json\/wp\/v2\/news\/102814","targetHints":{"allow":["GET"]}}],"collection":[{"href":"https:\/\/www.iaff.org\/es\/wp-json\/wp\/v2\/news"}],"about":[{"href":"https:\/\/www.iaff.org\/es\/wp-json\/wp\/v2\/types\/news"}],"version-history":[{"count":0,"href":"https:\/\/www.iaff.org\/es\/wp-json\/wp\/v2\/news\/102814\/revisions"}],"wp:featuredmedia":[{"embeddable":true,"href":"https:\/\/www.iaff.org\/es\/wp-json\/wp\/v2\/media\/102815"}],"wp:attachment":[{"href":"https:\/\/www.iaff.org\/es\/wp-json\/wp\/v2\/media?parent=102814"}],"wp:term":[{"taxonomy":"post_tag","embeddable":true,"href":"https:\/\/www.iaff.org\/es\/wp-json\/wp\/v2\/tags?post=102814"}],"curies":[{"name":"wp","href":"https:\/\/api.w.org\/{rel}","templated":true}]}}