{"id":102697,"date":"2025-07-25T13:25:32","date_gmt":"2025-07-25T17:25:32","guid":{"rendered":"https:\/\/www.iaff.org\/news\/los-bomberos-de-winnipeg-piden-medidas-para-reducir-la-violencia-en-acto-de-servicio\/"},"modified":"2025-07-25T13:46:47","modified_gmt":"2025-07-25T17:46:47","slug":"los-bomberos-de-winnipeg-piden-medidas-para-reducir-la-violencia-en-acto-de-servicio","status":"publish","type":"news","link":"https:\/\/www.iaff.org\/es\/news\/los-bomberos-de-winnipeg-piden-medidas-para-reducir-la-violencia-en-acto-de-servicio\/","title":{"rendered":"Los bomberos de Winnipeg piden medidas para reducir la violencia en acto de servicio"},"content":{"rendered":"<section\n\t class=\"page-blocks iaff-page-blocks align wp-block-acf-page-blocks\" id=\"page-blocks_block_e2846c5c952f4c3a91ad8fba32fb7479\">\n\t<div class=\"acf-innerblocks-container\">\n<div class=\"wp-block-paragraph \">\n<p>La secci\u00f3n local 867 de Winnipeg (Manitoba) ha hecho un llamamiento urgente para que el gobierno act\u00fae tras una oleada de agresiones y amenazas contra bomberos-param\u00e9dicos en acto de servicio.<\/p>\n<\/div>\n\n<div class=\"wp-block-paragraph \">\n<p>El presidente de la secci\u00f3n local 867, Nick Kasper, cit\u00f3 la creciente preocupaci\u00f3n por el bienestar f\u00edsico y mental de sus miembros, as\u00ed como por la seguridad p\u00fablica, al pedir a la ciudad y a la provincia que apoyen medidas para que su lugar de trabajo sea seguro, incluido el restablecimiento del proyecto de ley C-321, una legislaci\u00f3n federal que reforzar\u00eda las sanciones del C\u00f3digo Penal contra quienes agredan o amenacen a bomberos y param\u00e9dicos en acto de servicio.<\/p>\n<\/div>\n\n<div class=\"wp-block-paragraph \">\n<p>\u201cEst\u00e1 teniendo un impacto perjudicial en la capacidad de nuestro servicio para estar ah\u00ed para el p\u00fablico cuando nos necesita\u201d, dijo Kasper. \u201cNuestros miembros no quieren venir a trabajar horas extras en sus d\u00edas libres despu\u00e9s de haber sido amenazados o atacados, y debido a eso, estamos teniendo camiones retirados del servicio, estaciones cerradas, y nuestros tiempos de respuesta no hacen m\u00e1s que empeorar.\u201d <\/p>\n<\/div>\n\n<div class=\"wp-block-paragraph \">\n<p>El 10 de julio, un bombero-param\u00e9dico de Winnipeg fue golpeado en la cara con un poste durante una llamada. Dos d\u00edas despu\u00e9s, los equipos tuvieron que desarmar y sujetar a un individuo que sac\u00f3 un cuchillo. Otros incidentes recientes incluyen a un bombero-param\u00e9dico golpeado en el est\u00f3mago mientras estaba de servicio y a equipos que tuvieron que huir de una propiedad despu\u00e9s de que alguien blandiera un cuchillo.  <\/p>\n<\/div>\n\n<div class=\"wp-block-paragraph \">\n<p>El alcalde de Winnipeg, Scott Gillingham, respondi\u00f3 positivamente a la petici\u00f3n de la secci\u00f3n local. En una reuni\u00f3n del consejo celebrada el 17 de julio, present\u00f3 una moci\u00f3n en la que ped\u00eda al gobierno federal que reforzara las sanciones penales por actos de violencia contra bomberos y param\u00e9dicos. La moci\u00f3n cita 58 actos de violencia o amenazas denunciados contra ese personal en la ciudad en lo que va de 2025.  <\/p>\n<\/div>\n\n<div class=\"wp-block-paragraph \">\n<p>Los bomberos de Winnipeg tambi\u00e9n est\u00e1n pidiendo a la provincia que act\u00fae sobre el asunto tipificando como delito provincial el hecho de obstruir, acosar o amenazar al personal de seguridad p\u00fablica. En una <a href=\"https:\/\/www.facebook.com\/photo?fbid=1046007750952229&amp;set=pcb.1046008517618819\" target=\"_blank\" rel=\"noopener\">carta<\/a> del 24 de julio al Ministro de Justicia federal, Sean Fraser, el Ministro de Justicia de Manitoba, Matt Wiebe, tambi\u00e9n inst\u00f3 al Gobierno de Canad\u00e1 a realizar los cambios legislativos necesarios para proteger a los bomberos y a otros servicios de emergencia no cubiertos por las leyes existentes. <\/p>\n<\/div>\n\n<div class=\"wp-block-paragraph \">\n<p>\u201cEstos profesionales se encuentran habitualmente en situaciones peligrosas para proteger al p\u00fablico, y la violencia contra ellos debe ser en\u00e9rgicamente disuadida y denunciada\u201d, escribi\u00f3. \u201cEstos son los individuos con los que contamos para que nos cuiden en nuestros momentos m\u00e1s vulnerables.\u201d <\/p>\n<\/div>\n\n<div class=\"wp-block-paragraph \">\n<p>El llamamiento de la secci\u00f3n local 867 a una mayor protecci\u00f3n contra la violencia en el lugar de trabajo est\u00e1 respaldado por la Asociaci\u00f3n de Bomberos Profesionales de Manitoba y otros grupos laborales, incluyendo el Sindicato de Empleados P\u00fablicos y Generales de Manitoba, el Sindicato Unificado de Tr\u00e1nsito, la Federaci\u00f3n Laboral de Manitoba, el Consejo Laboral de Winnipeg y el Sindicato de Enfermeras de Manitoba.<\/p>\n<\/div>\n\n<div class=\"wp-block-paragraph \">\n<p>Kasper dijo que hay cada vez m\u00e1s peticiones para que algunos miembros del personal, como los oficiales de prevenci\u00f3n de incendios, reciban chalecos antibalas y otros equipos de protecci\u00f3n, una idea que cree que deber\u00eda ser considerada.<\/p>\n<\/div>\n\n\n<figure class=\"wp-block-pullquote\"><blockquote><p>Est\u00e1 teniendo un impacto perjudicial en la capacidad de nuestro servicio para estar ah\u00ed para el p\u00fablico cuando nos necesita.<\/p><cite>Presidente de la secci\u00f3n local 867 de Winnipeg, Nick Kasper<\/cite><\/blockquote><\/figure>\n\n\n<div class=\"wp-block-paragraph \">\n<p>Dijo que hay otras medidas que la ciudad podr\u00eda tomar para proteger a los miembros, incluyendo requerir que el despachador comparta las direcciones de alto riesgo con los bomberos, como ya se hace al despachar a la polic\u00eda. Relat\u00f3 incidentes en los que los bomberos respondieron a incendios estructurales sin saber que hab\u00eda llamadas simult\u00e1neas al 911 desde la misma direcci\u00f3n por alguien atrincherado dentro con un arma. <\/p>\n<\/div>\n\n<div class=\"wp-block-paragraph \">\n<p>\u201cNuestros bomberos y param\u00e9dicos merecen las mismas protecciones que otros miembros del personal de seguridad p\u00fablica\u201d, declar\u00f3 Kasper. \u201cNo estamos pidiendo un trato especial, estamos exigiendo el mismo reconocimiento ante la ley. Porque la pr\u00f3xima vez que esto suceda, podr\u00edamos no ser tan afortunados.\u201d <\/p>\n<\/div>\n\n<div class=\"wp-block-paragraph \">\n<p>La situaci\u00f3n en Winnipeg refleja una tendencia creciente de violencia contra bomberos y param\u00e9dicos en acto de servicio en ciudades de todo Canad\u00e1. La AIB ha convertido el tema en una prioridad nacional y ha presionado al gobierno canadiense para que establezca penas m\u00e1s duras por tales actos en virtud del C\u00f3digo Penal. <\/p>\n<\/div>\n\n<div class=\"wp-block-paragraph \">\n<p>Presentado a principios de 2023 por el diputado conservador por Columbia Brit\u00e1nica Todd Doherty, el <a href=\"https:\/\/www.iaff.org\/news\/legislation-to-deter-violence-against-fire-fighters-paramedics-advances-in-canadian-parliament\/\">proyecto de ley C-321<\/a> propon\u00eda un lenguaje que exig\u00eda que la condici\u00f3n de v\u00edctima de agresi\u00f3n como primer interviniente en acto de servicio se tuviera en cuenta durante la sentencia, disposiciones que ya existen para los agentes de la paz y los trabajadores del transporte p\u00fablico.<\/p>\n<\/div>\n\n<div class=\"wp-block-paragraph \">\n<p>La AIB apoy\u00f3 el proyecto de ley C-321 testificando durante las audiencias del comit\u00e9 en Parliament Hill e instando a los diputados y senadores a que impulsaran la legislaci\u00f3n. Aunque el proyecto de ley fue aprobado en tercera lectura en la C\u00e1mara de los Comunes con un fuerte apoyo, muri\u00f3 en el Senado a principios de 2025 cuando el Parlamento fue disuelto. <\/p>\n<\/div>\n\n<div class=\"wp-block-paragraph \">\n<p>La AIB tambi\u00e9n apoy\u00f3 el <a href=\"https:\/\/www.iaff.org\/es\/news\/el-aib-celebra-la-legislacion-propuesta-para-imponer-sanciones-mas-severas-contra-las-agresiones-a-los-servicios-de-emergencia\/\">proyecto de ley C-345<\/a>, una iniciativa legislativa similar presentada en 2023 por el ex diputado por Columbia Brit\u00e1nica Peter Julian, que buscaba frenar la violencia contra los bomberos y param\u00e9dicos. Sin embargo, ese proyecto de ley no avanz\u00f3 en el proceso legislativo. <\/p>\n<\/div>\n<\/div><\/section>\n","protected":false},"featured_media":102748,"menu_order":0,"template":"","tags":[177,170],"class_list":["post-102697","news","type-news","status-publish","has-post-thumbnail","hentry","tag-accion-politica-canada","tag-legislacion-canada"],"acf":[],"publishpress_future_workflow_manual_trigger":{"enabledWorkflows":[]},"_links":{"self":[{"href":"https:\/\/www.iaff.org\/es\/wp-json\/wp\/v2\/news\/102697","targetHints":{"allow":["GET"]}}],"collection":[{"href":"https:\/\/www.iaff.org\/es\/wp-json\/wp\/v2\/news"}],"about":[{"href":"https:\/\/www.iaff.org\/es\/wp-json\/wp\/v2\/types\/news"}],"version-history":[{"count":0,"href":"https:\/\/www.iaff.org\/es\/wp-json\/wp\/v2\/news\/102697\/revisions"}],"wp:featuredmedia":[{"embeddable":true,"href":"https:\/\/www.iaff.org\/es\/wp-json\/wp\/v2\/media\/102748"}],"wp:attachment":[{"href":"https:\/\/www.iaff.org\/es\/wp-json\/wp\/v2\/media?parent=102697"}],"wp:term":[{"taxonomy":"post_tag","embeddable":true,"href":"https:\/\/www.iaff.org\/es\/wp-json\/wp\/v2\/tags?post=102697"}],"curies":[{"name":"wp","href":"https:\/\/api.w.org\/{rel}","templated":true}]}}