{"id":102658,"date":"2022-10-13T22:15:27","date_gmt":"2022-10-14T02:15:27","guid":{"rendered":"https:\/\/www.iaff.org\/news\/la-aib-felicita-al-presidente-de-att-firstnet-jim-bugel\/"},"modified":"2025-12-03T14:53:50","modified_gmt":"2025-12-03T19:53:50","slug":"la-aib-felicita-al-presidente-de-att-firstnet-jim-bugel","status":"publish","type":"news","link":"https:\/\/www.iaff.org\/es\/news\/la-aib-felicita-al-presidente-de-att-firstnet-jim-bugel\/","title":{"rendered":"La AIB felicita al presidente de AT&amp;T-FirstNet, Jim Bugel"},"content":{"rendered":"<div class=\"wp-block-paragraph \">\n<p>AT&amp;T anunci\u00f3 esta semana que Jim Bugel se convertir\u00e1 en presidente de su unidad FirstNet, una red de comunicaciones a nivel nacional dedicada a la seguridad p\u00fablica. La AIB y AT&amp;T-FirstNet se han asociado durante mucho tiempo para brindar comunicaciones digitales y de voz de \u00faltima generaci\u00f3n a los bomberos y otros servicios de emergencia. <\/p>\n<\/div><div class=\"wp-block-paragraph \">\n<p>\u201cJim Bugel ha estado con la AIB desde que comenzamos a presionar para obtener un espectro dedicado para crear una red de seguridad p\u00fablica hace m\u00e1s de 20 a\u00f1os\u201d, dijo el presidente general de la AIB, Edward A. Kelly. \u201cEs la elecci\u00f3n perfecta para llevar a FirstNet al siguiente nivel, as\u00ed como para avanzar en los esfuerzos para las capacidades de la pr\u00f3xima generaci\u00f3n del 911. <\/p>\n<\/div><div class=\"wp-block-paragraph \">\n<p>\u201cFelicitamos a Jim por su nombramiento y esperamos continuar nuestra asociaci\u00f3n con AT&amp;T-FirstNet\u201d, continu\u00f3 Kelly.<\/p>\n<\/div><div class=\"wp-block-paragraph \">\n<p>Bugel es un veterano de las telecomunicaciones con 30 a\u00f1os de experiencia que se ha especializado en comunicaciones de emergencia y de misi\u00f3n cr\u00edtica, preparaci\u00f3n para emergencias, ciberseguridad y respuesta ante desastres. Dirigi\u00f3 el exitoso esfuerzo de AT&amp;T para ganar el contrato de FirstNet en 2017 y apoy\u00f3 la legislaci\u00f3n de 2012 que cre\u00f3 la Autoridad de FirstNet. <\/p>\n<\/div><div class=\"wp-block-paragraph \">\n<p>Se ha asociado con la AIB en implementaciones de respuesta ante desastres y se ha asegurado de que la mano de obra tenga un asiento en la mesa a medida que ha avanzado el proyecto FirstNet.<\/p>\n<\/div>","protected":false},"featured_media":102659,"menu_order":0,"template":"","tags":[],"class_list":["post-102658","news","type-news","status-publish","has-post-thumbnail","hentry"],"acf":[],"publishpress_future_workflow_manual_trigger":{"enabledWorkflows":[]},"_links":{"self":[{"href":"https:\/\/www.iaff.org\/es\/wp-json\/wp\/v2\/news\/102658","targetHints":{"allow":["GET"]}}],"collection":[{"href":"https:\/\/www.iaff.org\/es\/wp-json\/wp\/v2\/news"}],"about":[{"href":"https:\/\/www.iaff.org\/es\/wp-json\/wp\/v2\/types\/news"}],"version-history":[{"count":0,"href":"https:\/\/www.iaff.org\/es\/wp-json\/wp\/v2\/news\/102658\/revisions"}],"wp:featuredmedia":[{"embeddable":true,"href":"https:\/\/www.iaff.org\/es\/wp-json\/wp\/v2\/media\/102659"}],"wp:attachment":[{"href":"https:\/\/www.iaff.org\/es\/wp-json\/wp\/v2\/media?parent=102658"}],"wp:term":[{"taxonomy":"post_tag","embeddable":true,"href":"https:\/\/www.iaff.org\/es\/wp-json\/wp\/v2\/tags?post=102658"}],"curies":[{"name":"wp","href":"https:\/\/api.w.org\/{rel}","templated":true}]}}