{"id":102612,"date":"2022-11-08T21:25:33","date_gmt":"2022-11-09T02:25:33","guid":{"rendered":"https:\/\/www.iaff.org\/news\/los-bomberos-de-la-columbia-britanica-ganan-una-cobertura-ampliada-contra-el-cancer\/"},"modified":"2025-07-25T12:12:48","modified_gmt":"2025-07-25T16:12:48","slug":"los-bomberos-de-la-columbia-britanica-ganan-una-cobertura-ampliada-contra-el-cancer","status":"publish","type":"news","link":"https:\/\/www.iaff.org\/es\/news\/los-bomberos-de-la-columbia-britanica-ganan-una-cobertura-ampliada-contra-el-cancer\/","title":{"rendered":"Los bomberos de la Columbia Brit\u00e1nica ganan una cobertura ampliada contra el c\u00e1ncer"},"content":{"rendered":"<div class=\"wp-block-paragraph \">\n<p>Los bomberos de la Columbia Brit\u00e1nica que contraen c\u00e1ncer de tiroides o de p\u00e1ncreas debido a exposiciones en el lugar de trabajo ahora tienen mejor acceso a la compensaci\u00f3n y a los servicios de apoyo del sistema de compensaci\u00f3n de trabajadores de la provincia.<\/p>\n<\/div><div class=\"wp-block-paragraph \">\n<p>Una enmienda reglamentaria que a\u00f1ade los nuevos c\u00e1nceres se firm\u00f3 el 8 de noviembre y se aplica a los bomberos con al menos 10 a\u00f1os de servicio. La medida eleva a 18 el n\u00famero de c\u00e1nceres considerados laborales a efectos de las prestaciones de compensaci\u00f3n de los trabajadores en la Columbia Brit\u00e1nica y es el resultado de la continua defensa de la Asociaci\u00f3n de Bomberos Profesionales de la Columbia Brit\u00e1nica. <\/p>\n<\/div><div class=\"wp-block-paragraph \">\n<p>El Ejecutivo Superior de la AIB para las Operaciones Occidentales y el Presidente de la BCPFFA, Gord Ditchburn, dijeron estar agradecidos al Gobierno NDP de la Columbia Brit\u00e1nica por escuchar a los bomberos.<\/p>\n<\/div><div class=\"wp-block-paragraph \">\n<p>\u201cReconocer los problemas de salud a los que se enfrentan los bomberos es extremadamente importante para nuestros miembros, ya que arriesgan sus vidas cada d\u00eda en las comunidades de toda esta provincia\u201d, dijo Ditchburn.<\/p>\n<\/div><div class=\"wp-block-paragraph \">\n<p>El Presidente General de la AIB, Edward Kelly, felicit\u00f3 a la BCPFFA por la \u00faltima ampliaci\u00f3n de la cobertura presunta de sus miembros. \u00abEl c\u00e1ncer es una epidemia en el servicio de bomberos\u00bb, dijo. \u00abLa cobertura presunta contribuye en gran medida a garantizar que los bomberos que padecen c\u00e1nceres laborales reciban la compensaci\u00f3n y el apoyo que merecen, y me alegro de que nuestros miembros en la Columbia Brit\u00e1nica tengan ahora estas protecciones adicionales\u00bb.  <\/p>\n<\/div><div class=\"wp-block-paragraph \">\n<p>El Ministro de Trabajo de la Columbia Brit\u00e1nica, Harry Bains, reconoci\u00f3 que los bomberos siguen expuestos a sustancias peligrosas procedentes de la quema de materiales a pesar del uso de equipos de seguridad de protecci\u00f3n. \u201cCon el tiempo, la exposici\u00f3n puede provocar enfermedades graves, a veces mortales, en las que el tratamiento r\u00e1pido es fundamental. Me enorgullece apoyar a estos valientes trabajadores que, desinteresadamente, ponen en riesgo su salud y sus vidas para mantener seguros a los habitantes de la Columbia Brit\u00e1nica\u201d. <\/p>\n<\/div><div class=\"wp-block-paragraph \">\n<p>La Columbia Brit\u00e1nica se une al Territorio del Yuk\u00f3n, Manitoba, Nueva Escocia y Terranova y Labrador, que tambi\u00e9n a\u00f1adieron la cobertura de tiroides y p\u00e1ncreas a principios de este a\u00f1o. La provincia, que alberga a 4.400 miembros de la AIB en 52 delegaciones locales, promulg\u00f3 por primera vez la legislaci\u00f3n presuntiva para los bomberos en 2003. La Columbia Brit\u00e1nica tambi\u00e9n incluye los trastornos de salud mental y las lesiones card\u00edacas en su cobertura presuntiva para los bomberos.  <\/p>\n<\/div>","protected":false},"featured_media":102613,"menu_order":0,"template":"","tags":[],"class_list":["post-102612","news","type-news","status-publish","has-post-thumbnail","hentry"],"acf":[],"publishpress_future_workflow_manual_trigger":{"enabledWorkflows":[]},"_links":{"self":[{"href":"https:\/\/www.iaff.org\/es\/wp-json\/wp\/v2\/news\/102612","targetHints":{"allow":["GET"]}}],"collection":[{"href":"https:\/\/www.iaff.org\/es\/wp-json\/wp\/v2\/news"}],"about":[{"href":"https:\/\/www.iaff.org\/es\/wp-json\/wp\/v2\/types\/news"}],"version-history":[{"count":0,"href":"https:\/\/www.iaff.org\/es\/wp-json\/wp\/v2\/news\/102612\/revisions"}],"wp:featuredmedia":[{"embeddable":true,"href":"https:\/\/www.iaff.org\/es\/wp-json\/wp\/v2\/media\/102613"}],"wp:attachment":[{"href":"https:\/\/www.iaff.org\/es\/wp-json\/wp\/v2\/media?parent=102612"}],"wp:term":[{"taxonomy":"post_tag","embeddable":true,"href":"https:\/\/www.iaff.org\/es\/wp-json\/wp\/v2\/tags?post=102612"}],"curies":[{"name":"wp","href":"https:\/\/api.w.org\/{rel}","templated":true}]}}