{"id":102595,"date":"2022-11-14T21:18:05","date_gmt":"2022-11-15T02:18:05","guid":{"rendered":"https:\/\/www.iaff.org\/news\/los-miembros-del-sindicato-local-2007-de-albany-lamentan-la-perdida-del-vicepresidente\/"},"modified":"2025-07-25T11:37:23","modified_gmt":"2025-07-25T15:37:23","slug":"los-miembros-del-sindicato-local-2007-de-albany-lamentan-la-perdida-del-vicepresidente","status":"publish","type":"news","link":"https:\/\/www.iaff.org\/es\/news\/los-miembros-del-sindicato-local-2007-de-albany-lamentan-la-perdida-del-vicepresidente\/","title":{"rendered":"Los miembros del sindicato local 2007 de Albany lamentan la p\u00e9rdida del vicepresidente"},"content":{"rendered":"<div class=\"wp-block-paragraph \">\n<p>La AIB lamenta el inesperado fallecimiento del vicepresidente del sindicato local 2007 de Albany, Nueva York, Edward Verhoff, quien falleci\u00f3 el s\u00e1bado 12 de noviembre. Ten\u00eda 46 a\u00f1os. <\/p>\n<\/div><div class=\"wp-block-paragraph \">\n<p>El velatorio se celebrar\u00e1 el jueves 17 de noviembre, de 16:00 a 19:00, en la parroquia de Mater Christi, 40 Hopewell Str. en Albany. La misa funeral es el viernes 18 de noviembre, a las 11:00, en el mismo lugar.  <\/p>\n<\/div><div class=\"wp-block-paragraph \">\n<p>\u201cEd era un l\u00edder y defensor de la AIB y de nuestra profesi\u00f3n\u201d, dijo el presidente general Edward Kelly. \u201cEstaba dedicado a su familia y era firme en su compromiso con la comunidad. Mis pensamientos y oraciones est\u00e1n con la familia Verhoff, el sindicato local 2007 y todos aquellos que conocieron y amaron a Ed.\u201d <\/p>\n<\/div><div class=\"wp-block-paragraph \">\n<p>\u201cCon gran pesar lamentamos la p\u00e9rdida de nuestro hermano y l\u00edder sindical Ed Verhoff\u201d, dijo el presidente del sindicato local 2007, Rob Mengel. \u201cSu dedicaci\u00f3n al \u00e9xito y la seguridad de nuestros miembros nunca vacil\u00f3. Ya fuera haciendo campa\u00f1a para ayudar a elegir candidatos favorables a los trabajadores o abogando en nuestro nombre ante los responsables de la toma de decisiones locales, siempre estuvo ah\u00ed cuando lo necesit\u00e1bamos.\u201d <\/p>\n<\/div><div class=\"wp-block-paragraph \">\n<p>Verhoff se uni\u00f3 al Departamento de Bomberos de Albany en 2006 y fue asignado por \u00faltima vez al Escuadr\u00f3n de Rescate \u2013 Pelot\u00f3n C en la Estaci\u00f3n de Bomberos de Arbor Hill.<\/p>\n<\/div><div class=\"wp-block-paragraph \">\n<p>Despu\u00e9s de unirse al departamento de bomberos, r\u00e1pidamente se involucr\u00f3 con el sindicato local 2007 y el movimiento obrero. Otros miembros del sindicato dijeron que Verhoff siempre estaba dispuesto a ayudar donde se le necesitaba y, finalmente, fue elegido vicepresidente local. Tambi\u00e9n fue miembro del Comit\u00e9 Democr\u00e1tico del Condado de Albany y sirvi\u00f3 como delegado en la \u00faltima Convenci\u00f3n Nacional Dem\u00f3crata.  <\/p>\n<\/div><div class=\"wp-block-paragraph \">\n<p>Cuando no estaba en el trabajo, a Verhoff le encantaba pasar tiempo con su familia. Disfrutaba especialmente sirviendo como jefe de tropa para la Tropa de Boy Scouts 1083, donde sus dos hijos estaban trabajando duro para convertirse en Eagle Scouts. <\/p>\n<\/div><div class=\"wp-block-paragraph \">\n<p>La alcaldesa de Albany, Kathy Sheehan, quien orden\u00f3 que todas las banderas de la ciudad ondearan a media asta, dijo: \u201cEn nombre de toda la ciudad de Albany, con gran pesar reconocemos el fallecimiento del bombero del Departamento de Bomberos de Albany, Ed Verhoff. Ed fue el servidor p\u00fablico consumado y siempre trajo una sonrisa a la cara de todos los que interactuaron con \u00e9l.\u201d<\/p>\n<\/div><div class=\"wp-block-paragraph \">\n<p>A Verhoff le sobreviven su esposa, Kim, y sus dos hijos, E.J. y Liam.<\/p>\n<\/div>","protected":false},"featured_media":102596,"menu_order":0,"template":"","tags":[],"class_list":["post-102595","news","type-news","status-publish","has-post-thumbnail","hentry"],"acf":[],"publishpress_future_workflow_manual_trigger":{"enabledWorkflows":[]},"_links":{"self":[{"href":"https:\/\/www.iaff.org\/es\/wp-json\/wp\/v2\/news\/102595","targetHints":{"allow":["GET"]}}],"collection":[{"href":"https:\/\/www.iaff.org\/es\/wp-json\/wp\/v2\/news"}],"about":[{"href":"https:\/\/www.iaff.org\/es\/wp-json\/wp\/v2\/types\/news"}],"version-history":[{"count":0,"href":"https:\/\/www.iaff.org\/es\/wp-json\/wp\/v2\/news\/102595\/revisions"}],"wp:featuredmedia":[{"embeddable":true,"href":"https:\/\/www.iaff.org\/es\/wp-json\/wp\/v2\/media\/102596"}],"wp:attachment":[{"href":"https:\/\/www.iaff.org\/es\/wp-json\/wp\/v2\/media?parent=102595"}],"wp:term":[{"taxonomy":"post_tag","embeddable":true,"href":"https:\/\/www.iaff.org\/es\/wp-json\/wp\/v2\/tags?post=102595"}],"curies":[{"name":"wp","href":"https:\/\/api.w.org\/{rel}","templated":true}]}}