{"id":102586,"date":"2022-11-18T20:37:39","date_gmt":"2022-11-19T01:37:39","guid":{"rendered":"https:\/\/www.iaff.org\/news\/el-bombero-federal-bill-se-dirige-al-despacho-del-presidente-biden\/"},"modified":"2025-07-25T11:33:18","modified_gmt":"2025-07-25T15:33:18","slug":"el-bombero-federal-bill-se-dirige-al-despacho-del-presidente-biden","status":"publish","type":"news","link":"https:\/\/www.iaff.org\/es\/news\/el-bombero-federal-bill-se-dirige-al-despacho-del-presidente-biden\/","title":{"rendered":"El bombero federal Bill se dirige al despacho del presidente Biden"},"content":{"rendered":"<div class=\"wp-block-paragraph \">\n<p>Se espera que el presidente Joe Biden firme la Ley de RETIRO Justo para los Primeros Intervinientes (First Responders Fair RETIRE Act) despu\u00e9s de que el Senado aprobara por unanimidad la legislaci\u00f3n el 17 de noviembre. La nueva ley proteger\u00e1 los beneficios de jubilaci\u00f3n de los bomberos federales en caso de lesi\u00f3n o enfermedad debilitante. <\/p>\n<\/div><div class=\"wp-block-paragraph \">\n<p>\u201cNuestro trabajo es peligroso y el riesgo de lesiones es alto. Proporcionar a los bomberos federales acceso a todos sus beneficios de jubilaci\u00f3n si se lesionan en el cumplimiento del deber es justo y correcto\u201d, dijo el presidente general Edward Kelly. \u201cLos bomberos merecen una jubilaci\u00f3n digna, y por eso hemos abogado durante mucho tiempo por esta legislaci\u00f3n. La AIB agradece a los senadores Jon Tester y Susan Collins y al representante Gerald Connolly todo lo que han hecho para apoyar esta legislaci\u00f3n y a nuestros bomberos federales.\u201d <\/p>\n<\/div><div class=\"wp-block-paragraph \">\n<p>Los bomberos federales y los agentes del orden se clasifican como empleados 6c, lo que los hace elegibles para el plan Especial del Sistema de Jubilaci\u00f3n de Empleados Federales (FERS-Special). El plan FERS-Special es un sistema de jubilaci\u00f3n acelerado que permite la jubilaci\u00f3n anticipada (a los 57 a\u00f1os), pero requiere 20 a\u00f1os de servicio. <\/p>\n<\/div><div class=\"wp-block-paragraph \">\n<p>Hasta la aprobaci\u00f3n de esta legislaci\u00f3n, los bomberos lesionados en el trabajo e incapaces de completar 20 a\u00f1os de servicio ser\u00edan trasladados autom\u00e1ticamente del plan FERS-Special al plan regular, perdiendo hasta el 14% de su anualidad de jubilaci\u00f3n y la posibilidad de jubilarse anticipadamente.<\/p>\n<\/div><div class=\"wp-block-paragraph \">\n<p>La Ley de RETIRO Justo para los Primeros Intervinientes (First Responders Fair RETIRE Act) permite a los bomberos que sufren una lesi\u00f3n o enfermedad profesional que ponga fin a su carrera permanecer en el plan FERS-Special y jubilarse anticipadamente despu\u00e9s de la transici\u00f3n a cualquier otro puesto federal que est\u00e9n cualificados para desempe\u00f1ar.<\/p>\n<\/div><div class=\"wp-block-paragraph \">\n<p>\u201cPresent\u00e9 esta legislaci\u00f3n bipartidista para asegurarme de que las personas que se ponen en peligro reciban una compensaci\u00f3n completa y puedan acceder a las mejores prestaciones de jubilaci\u00f3n que se han ganado a trav\u00e9s de a\u00f1os de servicio desinteresado\u201d, dijo Tester, un dem\u00f3crata de Montana.<\/p>\n<\/div><div class=\"wp-block-paragraph \">\n<p>\u201cEstos valientes hombres y mujeres hacen innumerables sacrificios para proteger a nuestras comunidades, y su ocupaci\u00f3n extenuante y a menudo peligrosa los pone en un mayor riesgo de lesiones\u201d, dijo Collins, una republicana de Maine. \u201cMe complace que el Senado y la C\u00e1mara de Representantes hayan aprobado nuestro proyecto de ley bipartidista, que garantizar\u00e1 que los primeros intervinientes no pierdan las prestaciones de jubilaci\u00f3n que se han ganado en caso de que se lesionen en el cumplimiento del deber.\u201d <\/p>\n<\/div><div class=\"wp-block-paragraph \">\n<p>El representante dem\u00f3crata Connolly de Virginia, que present\u00f3 la legislaci\u00f3n en la C\u00e1mara de Representantes, estuvo de acuerdo.<\/p>\n<\/div><div class=\"wp-block-paragraph \">\n<p>\u201cTenemos la responsabilidad de cumplir nuestra promesa a aquellos que resultan heridos en el trabajo y asegurar que los beneficios de sus primeros intervinientes est\u00e9n totalmente protegidos\u201d, dijo. \u201cNo deber\u00edan ser penalizados, especialmente cuando todav\u00eda est\u00e1n comprometidos con el servicio p\u00fablico\u201d. <\/p>\n<\/div><div class=\"wp-block-paragraph \">\n<p>Los bomberos federales han visto varios \u00e9xitos bajo la administraci\u00f3n de Biden y el actual Congreso, incluyendo:<\/p>\n<\/div><div class=\"wp-block-list\">\n<ul class=\"wp-block-list\">\n<li>Legislaci\u00f3n que proporciona hasta 12 semanas de permiso parental remunerado para los nuevos padres tras el nacimiento o la adopci\u00f3n de un hijo.<\/li>\n\n\n\n<li>Legislaci\u00f3n para dos semanas de permiso parental remunerado por duelo tras la muerte de un hijo.<\/li>\n\n\n\n<li>Legislaci\u00f3n que ordena a la Regi\u00f3n del Atl\u00e1ntico Medio de la Marina (NRMA), que incluye a m\u00e1s de 400 bomberos federales de la AIB, que implemente un Horario de Trabajo Alternativo (AWS), eliminando el perpetuo y arduo horario de trabajo de 24 horas de servicio \/ 24 horas de descanso.<\/li>\n\n\n\n<li>Legislaci\u00f3n que ordena al Departamento de Defensa que realice una prueba para determinar los niveles de PFAS en la sangre de los bomberos federales. Los resultados de las pruebas proporcionadas por el empleador pueden utilizarse para demostrar una relaci\u00f3n causal entre ciertas enfermedades y la exposici\u00f3n laboral a espumas contra incendios t\u00f3xicas cargadas de PFAS. <\/li>\n\n\n\n<li>La Oficina del Programa de Compensaci\u00f3n de Trabajadores del Departamento de Trabajo centraliz\u00f3 todas las reclamaciones por lesiones y enfermedades de los bomberos en una sola oficina para eliminar muchos impedimentos burocr\u00e1ticos e inconsistencias a los que se enfrentaban los miembros. Las reclamaciones ahora se resuelven r\u00e1pidamente, con un 90% a favor del bombero. <\/li>\n<\/ul>\n<\/div>","protected":false},"featured_media":102160,"menu_order":0,"template":"","tags":[],"class_list":["post-102586","news","type-news","status-publish","has-post-thumbnail","hentry"],"acf":[],"publishpress_future_workflow_manual_trigger":{"enabledWorkflows":[]},"_links":{"self":[{"href":"https:\/\/www.iaff.org\/es\/wp-json\/wp\/v2\/news\/102586","targetHints":{"allow":["GET"]}}],"collection":[{"href":"https:\/\/www.iaff.org\/es\/wp-json\/wp\/v2\/news"}],"about":[{"href":"https:\/\/www.iaff.org\/es\/wp-json\/wp\/v2\/types\/news"}],"version-history":[{"count":0,"href":"https:\/\/www.iaff.org\/es\/wp-json\/wp\/v2\/news\/102586\/revisions"}],"wp:featuredmedia":[{"embeddable":true,"href":"https:\/\/www.iaff.org\/es\/wp-json\/wp\/v2\/media\/102160"}],"wp:attachment":[{"href":"https:\/\/www.iaff.org\/es\/wp-json\/wp\/v2\/media?parent=102586"}],"wp:term":[{"taxonomy":"post_tag","embeddable":true,"href":"https:\/\/www.iaff.org\/es\/wp-json\/wp\/v2\/tags?post=102586"}],"curies":[{"name":"wp","href":"https:\/\/api.w.org\/{rel}","templated":true}]}}