{"id":102459,"date":"2023-01-26T15:27:57","date_gmt":"2023-01-26T20:27:57","guid":{"rendered":"https:\/\/www.iaff.org\/news\/oshawa-ontario-aprueba-20-contrataciones-para-mejorar-la-seguridad-publica-y-de-los-bomberos\/"},"modified":"2025-07-23T14:20:06","modified_gmt":"2025-07-23T18:20:06","slug":"oshawa-ontario-aprueba-20-contrataciones-para-mejorar-la-seguridad-publica-y-de-los-bomberos","status":"publish","type":"news","link":"https:\/\/www.iaff.org\/es\/news\/oshawa-ontario-aprueba-20-contrataciones-para-mejorar-la-seguridad-publica-y-de-los-bomberos\/","title":{"rendered":"Oshawa (Ontario) aprueba 20 contrataciones para mejorar la seguridad p\u00fablica y de los bomberos"},"content":{"rendered":"<div class=\"wp-block-paragraph \">\n<p>Oshawa, Ontario, est\u00e1 tomando medidas positivas para mejorar las capacidades de respuesta de emergencia de primera l\u00ednea tras una tenaz campa\u00f1a del AIB Local 465 para abordar las deficiencias en la seguridad p\u00fablica y de los bomberos en la ciudad de r\u00e1pido crecimiento.<\/p>\n<\/div><div class=\"wp-block-paragraph \">\n<p>Los miembros del consejo municipal votaron el 19 de enero a favor de contratar a 20 nuevos bomberos (15 m\u00e1s de los previstos inicialmente) para garantizar que un nuevo veh\u00edculo de rescate en el ajetreado parque de bomberos del centro de la ciudad est\u00e9 equipado con cuatro bomberos, el n\u00famero m\u00ednimo necesario para llevar a cabo la b\u00fasqueda y el rescate en interiores al llegar a un incendio estructural.<\/p>\n<\/div><div class=\"wp-block-paragraph \">\n<p>\u201cHa sido un camino de cuatro a\u00f1os, pero estamos contentos de que el consejo haya estado de acuerdo en que la seguridad p\u00fablica y de los bomberos requiere cuatro bomberos por veh\u00edculo\u201d, dijo el presidente del Local 465 de Oshawa, Peter Dyson. \u201cEstamos muy agradecidos.\u201d <\/p>\n<\/div><div class=\"wp-block-paragraph \">\n<p>Dyson destac\u00f3 el reciente crecimiento de Oshawa y la necesidad de asignar cuatro personas al nuevo veh\u00edculo en una presentaci\u00f3n ante la votaci\u00f3n del consejo.<\/p>\n<\/div><div class=\"wp-block-paragraph \">\n<p>\u201cNo solo garantizar\u00eda que haya suficientes bomberos para proteger nuestra ciudad, sino que evitar\u00eda esa situaci\u00f3n desgarradora en la que dos o tres bomberos llegan a un incendio estructural donde hay personas atrapadas, pero tienen que esperar fuera a que lleguen m\u00e1s equipos, dejando pasar minutos preciosos en un momento en que cada segundo cuenta\u201d, dijo Dyson a los concejales.<\/p>\n<\/div><div class=\"wp-block-paragraph \">\n<p>\u201cEste ejercicio presupuestario es una oportunidad de oro para que hagan lo que un n\u00famero creciente de departamentos de bomberos canadienses han hecho recientemente y tomen la decisi\u00f3n consciente de hacer crecer nuestro departamento de bomberos al mismo ritmo que el crecimiento de la comunidad y garantizar que cuando alguien llame al 9-1-1 en su momento de necesidad, obtenga la ayuda que espera y merece.\u201d<\/p>\n<\/div><div class=\"wp-block-paragraph \">\n<p>Oshawa, que se encuentra a orillas del lago Ontario, al este de Toronto, y tiene una poblaci\u00f3n de poco m\u00e1s de 175.000 habitantes, es una de las ciudades de m\u00e1s r\u00e1pido crecimiento de Canad\u00e1. La ciudad, que cuenta con una vibrante base industrial y un ajetreado centro urbano con estructuras antiguas, todav\u00eda se est\u00e1 recuperando de un tr\u00e1gico incendio ocurrido en enero de 2018 que se cobr\u00f3 la vida de dos adultos y dos ni\u00f1os. <\/p>\n<\/div><div class=\"wp-block-paragraph \">\n<p>Dyson dijo que contar con el ex l\u00edder del AIB y miembro del personal superior Jim Lee en el consejo de Oshawa fue de gran ayuda para defender la incorporaci\u00f3n de personal adicional.<\/p>\n<\/div><div class=\"wp-block-paragraph \">\n<p>\u201cTenemos a alguien que habla el idioma de los bomberos\u201d, dijo, \u201cy que tiene una gran experiencia y conocimientos en el despliegue del departamento de bomberos y su impacto directo en la seguridad p\u00fablica y de los bomberos.\u201d<\/p>\n<\/div><div class=\"wp-block-paragraph \">\n<p>Tambi\u00e9n agradeci\u00f3 a otros miembros del consejo que abogaron por la mejora de los recursos del departamento de bomberos, incluidos Tito-Dante Marimpietri y Brian Nicholson, as\u00ed como a la Junta Ejecutiva y a los miembros del Local 465 por su arduo trabajo.<\/p>\n<\/div><div class=\"wp-block-paragraph \">\n<p>El apoyo y la asistencia del AIB, incluido el 13<sup>er<\/sup> Vicepresidente de Distrito, Fred LeBlanc, y el personal de la Oficina Canadiense, fueron fundamentales para los esfuerzos del Local 465, al igual que el acceso a los servicios disponibles a trav\u00e9s del AIB. El local aprovech\u00f3 numerosos servicios del AIB, incluido un an\u00e1lisis financiero municipal, un an\u00e1lisis SIG y asistencia personalizada en materia de medios de comunicaci\u00f3n y comunicaciones. <\/p>\n<\/div><div class=\"wp-block-paragraph \">\n<p>\u201cComo local del AIB, nunca est\u00e1s solo\u201d, dijo Dyson. \u201cUtilizamos todos los recursos que el AIB tiene para ofrecer y, trabajando en equipo, hemos dado un paso importante en la seguridad p\u00fablica y de los bomberos en nuestra ciudad.\u201d <\/p>\n<\/div>","protected":false},"featured_media":102460,"menu_order":0,"template":"","tags":[],"class_list":["post-102459","news","type-news","status-publish","has-post-thumbnail","hentry"],"acf":[],"publishpress_future_workflow_manual_trigger":{"enabledWorkflows":[]},"_links":{"self":[{"href":"https:\/\/www.iaff.org\/es\/wp-json\/wp\/v2\/news\/102459","targetHints":{"allow":["GET"]}}],"collection":[{"href":"https:\/\/www.iaff.org\/es\/wp-json\/wp\/v2\/news"}],"about":[{"href":"https:\/\/www.iaff.org\/es\/wp-json\/wp\/v2\/types\/news"}],"version-history":[{"count":0,"href":"https:\/\/www.iaff.org\/es\/wp-json\/wp\/v2\/news\/102459\/revisions"}],"wp:featuredmedia":[{"embeddable":true,"href":"https:\/\/www.iaff.org\/es\/wp-json\/wp\/v2\/media\/102460"}],"wp:attachment":[{"href":"https:\/\/www.iaff.org\/es\/wp-json\/wp\/v2\/media?parent=102459"}],"wp:term":[{"taxonomy":"post_tag","embeddable":true,"href":"https:\/\/www.iaff.org\/es\/wp-json\/wp\/v2\/tags?post=102459"}],"curies":[{"name":"wp","href":"https:\/\/api.w.org\/{rel}","templated":true}]}}