{"id":102331,"date":"2023-03-06T22:13:57","date_gmt":"2023-03-07T03:13:57","guid":{"rendered":"https:\/\/www.iaff.org\/news\/el-presidente-biden-encabeza-la-conferencia-legislativa-de-la-aib\/"},"modified":"2025-12-03T14:54:03","modified_gmt":"2025-12-03T19:54:03","slug":"el-presidente-biden-encabeza-la-conferencia-legislativa-de-la-aib","status":"publish","type":"news","link":"https:\/\/www.iaff.org\/es\/news\/el-presidente-biden-encabeza-la-conferencia-legislativa-de-la-aib\/","title":{"rendered":"El presidente Biden encabeza la Conferencia Legislativa de la AIB"},"content":{"rendered":"<div class=\"wp-block-paragraph \">\n<p>El presidente Joe Biden hizo historia el 6 de marzo cuando se dirigi\u00f3 a cientos de miembros de la AIB en la Conferencia Legislativa Alfred K. Whitehead de 2023. Era la primera vez en 25 a\u00f1os que un presidente en ejercicio hablaba en una conferencia de la AIB.  <\/p>\n<\/div><div class=\"wp-block-paragraph \">\n<p>Biden, un antiguo defensor del servicio de bomberos, expres\u00f3 su profundo agradecimiento a los bomberos y a los profesionales de los servicios de emergencias m\u00e9dicas, y coment\u00f3: \u201cLa gente no os valora hasta que os necesita. Cuando suena la campana&#8230; salt\u00e1is al cami\u00f3n, pase lo que pase.\u201d <\/p>\n<\/div><div class=\"wp-block-paragraph \">\n<p>El compromiso de Biden con los bomberos ha sido evidente a lo largo de su carrera. Durante la pandemia de COVID-19, su Plan de Rescate Americano ayud\u00f3 a las ciudades a contratar bomberos y evitar despidos masivos. \u201cComo todos sab\u00e9is, lo \u00fanico que os protege es que haya m\u00e1s bomberos\u201d, dijo, recibiendo un estruendoso aplauso y una ovaci\u00f3n.   <\/p>\n<\/div><div class=\"wp-block-paragraph \">\n<p>M\u00e1s recientemente, el presidente promulg\u00f3 la Ley de Autorizaci\u00f3n de la Defensa Nacional (NDAA), que proporciona a los bomberos federales beneficios presuntivos por c\u00e1ncer, enfermedades card\u00edacas y pulmonares. <\/p>\n<\/div><div class=\"wp-block-paragraph \">\n<p>A lo largo de su discurso, Biden abord\u00f3 muchas de las cuestiones legislativas clave por las que los miembros de la AIB acudieron a Capitol Hill para abogar. \u201cVuestro trabajo tiene que ver con la dignidad y el respeto\u201d, dijo. \u201cPor eso lucho tan duro para proteger vuestro derecho a la negociaci\u00f3n colectiva.\u201d   <\/p>\n<\/div><div class=\"wp-block-paragraph \">\n<p>En una apasionada llamada a la acci\u00f3n, el presidente Biden declar\u00f3 su apoyo a la Ley de Honrando a Nuestros H\u00e9roes Ca\u00eddos, que reconoce el c\u00e1ncer como una muerte en acto de servicio y garantiza prestaciones para las familias de aquellos que han hecho el m\u00e1ximo sacrificio. \u201cLlev\u00e1dmela a mi mesa y la firmar\u00e9\u201d, declar\u00f3 enf\u00e1ticamente.  <\/p>\n<\/div>\n<figure class=\"wp-block-image aligncenter size-large is-resized\"><img decoding=\"async\" src=\"https:\/\/www.iaff.org\/wp-content\/uploads\/thumbnail_image0-1.png\" alt=\"\" style=\"width:480px\"><figcaption class=\"wp-element-caption\">El presidente general Edward Kelly agradece al presidente Joe Biden sus comentarios en la Conferencia Legislativa de la AIB de 2023.<\/figcaption><\/figure>\n<div class=\"wp-block-paragraph \">\n<p>La reducci\u00f3n de las muertes por c\u00e1ncer en Estados Unidos ha sido una de las principales prioridades para el presidente y para la AIB. Tras reconocer el devastador impacto del c\u00e1ncer en el servicio de bomberos, Biden reafirm\u00f3 su compromiso de garantizar que todos los bomberos reciban equipos de protecci\u00f3n de \u00faltima generaci\u00f3n sin PFAS, y a\u00f1adi\u00f3: \u201cEstoy decidido a asegurarme de que teng\u00e1is el equipo que os protege sin enfermaros a vosotros ni a vuestra familia.\u201d La NDAA inclu\u00eda una disposici\u00f3n que exig\u00eda al Departamento de Defensa la compra de equipos sin PFAS cuando estuvieran disponibles.   <\/p>\n<\/div><div class=\"wp-block-paragraph \">\n<p>\u201cOs cubro las espaldas, os lo prometo. Vosotros me cubristeis las espaldas\u201d, dijo el presidente Biden, refiri\u00e9ndose al apoyo inicial de la AIB a su campa\u00f1a de 2020, \u201cyo os cubrir\u00e9 las vuestras.\u201d <\/p>\n<\/div><div class=\"wp-block-paragraph \">\n<p>El presidente general Edward Kelly agradeci\u00f3 a Biden al final de su discurso, expresando su gratitud por el firme compromiso del presidente con el servicio de bomberos. <\/p>\n<\/div><div class=\"wp-block-paragraph \">\n<p>\u00abEs usted la \u00fanica persona a la que oigo decir: \u201cLo \u00fanico que salva a los bomberos es que haya m\u00e1s bomberos.\u201d Nos entiende\u00bb, dijo Kelly. \u00abSe ha consolidado claramente como el mejor presidente que han tenido los bomberos. Est\u00e1 haciendo que nuestra peligrosa profesi\u00f3n sea lo m\u00e1s segura posible, una decisi\u00f3n a la vez, y se lo agradecemos.\u00bb  <\/p>\n<\/div>","protected":false},"featured_media":102332,"menu_order":0,"template":"","tags":[],"class_list":["post-102331","news","type-news","status-publish","has-post-thumbnail","hentry"],"acf":[],"publishpress_future_workflow_manual_trigger":{"enabledWorkflows":[]},"_links":{"self":[{"href":"https:\/\/www.iaff.org\/es\/wp-json\/wp\/v2\/news\/102331","targetHints":{"allow":["GET"]}}],"collection":[{"href":"https:\/\/www.iaff.org\/es\/wp-json\/wp\/v2\/news"}],"about":[{"href":"https:\/\/www.iaff.org\/es\/wp-json\/wp\/v2\/types\/news"}],"version-history":[{"count":0,"href":"https:\/\/www.iaff.org\/es\/wp-json\/wp\/v2\/news\/102331\/revisions"}],"wp:featuredmedia":[{"embeddable":true,"href":"https:\/\/www.iaff.org\/es\/wp-json\/wp\/v2\/media\/102332"}],"wp:attachment":[{"href":"https:\/\/www.iaff.org\/es\/wp-json\/wp\/v2\/media?parent=102331"}],"wp:term":[{"taxonomy":"post_tag","embeddable":true,"href":"https:\/\/www.iaff.org\/es\/wp-json\/wp\/v2\/tags?post=102331"}],"curies":[{"name":"wp","href":"https:\/\/api.w.org\/{rel}","templated":true}]}}