{"id":102245,"date":"2023-03-31T20:19:05","date_gmt":"2023-04-01T00:19:05","guid":{"rendered":"https:\/\/www.iaff.org\/news\/derogada-la-ley-de-derecho-al-trabajo-en-michigan\/"},"modified":"2025-07-22T13:34:00","modified_gmt":"2025-07-22T17:34:00","slug":"derogada-la-ley-de-derecho-al-trabajo-en-michigan","status":"publish","type":"news","link":"https:\/\/www.iaff.org\/es\/news\/derogada-la-ley-de-derecho-al-trabajo-en-michigan\/","title":{"rendered":"Derogada la ley de derecho al trabajo en M\u00edchigan"},"content":{"rendered":"<div class=\"wp-block-paragraph \">\n<p>M\u00edchigan derog\u00f3 su ley de derecho al trabajo, que ten\u00eda 11 a\u00f1os de antig\u00fcedad, tras una campa\u00f1a del Sindicato de Bomberos Profesionales de M\u00edchigan (MPFFU) y otras organizaciones laborales del estado. La gobernadora Gretchen Whitmer lo hizo oficial al firmar la legislaci\u00f3n que exig\u00eda la eliminaci\u00f3n de la ley a finales de marzo.  <\/p>\n<\/div><div class=\"wp-block-paragraph \">\n<p>\u201cAplaudo a la gobernadora Whitmer y a los legisladores del estado por hacer lo correcto y deshacerse de esta ley injusta\u201d, dijo el presidente general Edward Kelly. \u201cTodos debemos mantener la lucha para preservar los derechos de los trabajadores y usar nuestras voces colectivas para mejorar las condiciones laborales, los salarios y los beneficios. Cuando luchamos como uno solo, ganamos\u201d.  <\/p>\n<\/div><div class=\"wp-block-paragraph \">\n<p>Cuando se propuso la ley de derecho al trabajo hace m\u00e1s de una d\u00e9cada, el MPFFU y miles de otros partidarios se manifestaron en la capital del estado para protestar. A pesar de la protesta, la ley, que proh\u00edbe a los sindicatos exigir a los empleados no sindicados el pago de cuotas, incluso si negocia en su nombre, se aprob\u00f3 en 2012.  <\/p>\n<\/div><div class=\"wp-block-paragraph \">\n<p>Los miembros del MPFFU estaban exentos de la ley, pero continuaron luchando en nombre de los sindicatos. <\/p>\n<\/div><div class=\"wp-block-paragraph \">\n<p>\u201cEl movimiento obrero est\u00e1 en su mejor momento cuando todos estamos unidos. Estoy muy orgulloso de todo lo que el presidente del MPFFU, Matthew Sahr, y su equipo han hecho para ayudar a nuestros hermanos y hermanas sindicales en esta lucha\u201d, dijo el vicepresidente del 8.\u00ba Distrito, Mark Sanders. \u201cEste es un gran d\u00eda para todo el movimiento obrero en M\u00edchigan.\u201d  <\/p>\n<\/div><div class=\"wp-block-paragraph \">\n<p>\u201cEstamos muy satisfechos con la acci\u00f3n de la gobernadora Whitmer y la legislatura estatal al respecto\u201d, dijo Sahr. \u201cEl MPFFU siempre se enorgullece de apoyar a sus hermanos y hermanas sindicales en cualquier asunto. Sindicatos m\u00e1s fuertes equivalen a una clase trabajadora m\u00e1s fuerte.\u201d  <\/p>\n<\/div>","protected":false},"featured_media":102246,"menu_order":0,"template":"","tags":[],"class_list":["post-102245","news","type-news","status-publish","has-post-thumbnail","hentry"],"acf":[],"publishpress_future_workflow_manual_trigger":{"enabledWorkflows":[]},"_links":{"self":[{"href":"https:\/\/www.iaff.org\/es\/wp-json\/wp\/v2\/news\/102245","targetHints":{"allow":["GET"]}}],"collection":[{"href":"https:\/\/www.iaff.org\/es\/wp-json\/wp\/v2\/news"}],"about":[{"href":"https:\/\/www.iaff.org\/es\/wp-json\/wp\/v2\/types\/news"}],"version-history":[{"count":0,"href":"https:\/\/www.iaff.org\/es\/wp-json\/wp\/v2\/news\/102245\/revisions"}],"wp:featuredmedia":[{"embeddable":true,"href":"https:\/\/www.iaff.org\/es\/wp-json\/wp\/v2\/media\/102246"}],"wp:attachment":[{"href":"https:\/\/www.iaff.org\/es\/wp-json\/wp\/v2\/media?parent=102245"}],"wp:term":[{"taxonomy":"post_tag","embeddable":true,"href":"https:\/\/www.iaff.org\/es\/wp-json\/wp\/v2\/tags?post=102245"}],"curies":[{"name":"wp","href":"https:\/\/api.w.org\/{rel}","templated":true}]}}