{"id":102239,"date":"2023-04-04T15:50:49","date_gmt":"2023-04-04T19:50:49","guid":{"rendered":"https:\/\/www.iaff.org\/news\/los-miembros-canadienses-celebran-la-30-a-conferencia-legislativa\/"},"modified":"2025-07-22T16:53:14","modified_gmt":"2025-07-22T20:53:14","slug":"los-miembros-canadienses-celebran-la-30-a-conferencia-legislativa","status":"publish","type":"news","link":"https:\/\/www.iaff.org\/es\/news\/los-miembros-canadienses-celebran-la-30-a-conferencia-legislativa\/","title":{"rendered":"Los miembros canadienses celebran la 30.\u00aa conferencia legislativa"},"content":{"rendered":"<div class=\"wp-block-paragraph \">\n<p>Los l\u00edderes de la AIB de todo Canad\u00e1 presionaron a los diputados y senadores para que tomaran medidas regulatorias contra los peligrosos productos qu\u00edmicos PFAS en los equipos de protecci\u00f3n de los bomberos y para fortalecer las regulaciones de lucha contra incendios en los aeropuertos del pa\u00eds en la hist\u00f3rica 30<sup>\u00aa<\/sup> Conferencia Legislativa Canadiense del 27 al 28 de marzo en Ottawa.<\/p>\n<\/div>\n<figure class=\"wp-block-image aligncenter size-large is-resized\"><img decoding=\"async\" src=\"https:\/\/www.iaff.org\/wp-content\/uploads\/Sherry_Romanado_edited.jpg\" alt=\"\" style=\"width:480px\"><figcaption class=\"wp-element-caption\">La diputada liberal de la zona de Montreal, Sherry Romanado, se dirige a los delegados en la conferencia.<\/figcaption><\/figure>\n<div class=\"wp-block-paragraph \">\n<p>Un n\u00famero r\u00e9cord de 160 delegados asistieron a la conferencia e informaron de un fuerte apoyo a los dos temas despu\u00e9s de llevar a cabo reuniones de presi\u00f3n con sus representantes electos.<\/p>\n<\/div><div class=\"wp-block-paragraph \">\n<p>En un discurso a los delegados, el presidente general de la AIB, Edward Kelly, cit\u00f3 el c\u00e1ncer ocupacional como una de las principales prioridades de la AIB. Elogi\u00f3 a los miembros canadienses por su compromiso con la acci\u00f3n pol\u00edtica y por hacer avanzar en el proceso legislativo el proyecto de ley C-224, que propone un marco nacional para abordar el c\u00e1ncer ocupacional en los bomberos. <\/p>\n<\/div><div class=\"wp-block-paragraph \">\n<p>Kelly enfatiz\u00f3 la necesidad de luchar juntos para ganar la batalla de las PFAS y otros temas vitales que afectan a la profesi\u00f3n. \u201cAl igual que cuando luchamos contra un incendio, cuando salimos por la puerta, lo hacemos juntos; no lo hacemos solos\u201d, dijo Kelly. \u201cEs cuando luchamos juntos que ganamos.\u201d  <\/p>\n<\/div><div class=\"wp-block-paragraph \">\n<p>La conferencia incluy\u00f3 una mesa redonda sobre las PFAS con Kelly y el director de Ciencia e Investigaci\u00f3n de la AIB, Neil McMillan, un foro legal sobre las PFAS con abogados del bufete Motley Rice, y el estreno canadiense de la pel\u00edcula documental BURNED: <em>Protecting the Protectors<\/em>, que ofrece un examen contundente y emotivo de las PFAS en los equipos de protecci\u00f3n de los bomberos.<\/p>\n<\/div><div class=\"wp-block-paragraph \">\n<p>El secretario-tesorero general, Frank L\u00edma, quien present\u00f3 la pel\u00edcula, dijo que era una cruda constataci\u00f3n de que el mismo equipo que se supone que mantiene seguros a los bomberos ahora se sabe que causa c\u00e1nceres y otros problemas de salud debido a las PFAS que contienen.<\/p>\n<\/div><div class=\"wp-block-paragraph \">\n<p>\u201cEs f\u00e1cil ver los informes y darse cuenta de que estas cosas estuvieron en nuestro equipo durante a\u00f1os y enfadarse. Pero sugiero que dejemos de lado esa ira y nos motivemos y energicemos para la lucha\u201d, dijo L\u00edma. \u201cEstamos juntos en esto, y no puedo imaginar un grupo de personas mejor y m\u00e1s fuerte a mi lado mientras entramos en esta lucha.\u201d <\/p>\n<\/div><div class=\"wp-block-paragraph \">\n<p>Los delegados tambi\u00e9n presionaron a los diputados y senadores para que fortalecieran las regulaciones de lucha contra incendios en los aeropuertos de Canad\u00e1, que, a diferencia de las normas de la Organizaci\u00f3n de Aviaci\u00f3n Civil Internacional (OACI), no especifican el rescate como una funci\u00f3n con recursos de los bomberos de los aeropuertos.<\/p>\n<\/div><div class=\"wp-block-paragraph \">\n<p>Entre los oradores de la conferencia se encontraban el ministro de Seguridad P\u00fablica, Bill Blair, el l\u00edder del Nuevo Partido Democr\u00e1tico, Jagmeet Singh, el diputado conservador Chris Lewis, la l\u00edder del Partido Verde, Elizabeth May, y la diputada del Bloc Qu\u00e9b\u00e9cois, Kristina Michaud.<\/p>\n<\/div><div class=\"wp-block-paragraph \">\n<p>En un momento especial, la diputada liberal de la zona de Montreal, Sherry Romanado, se dirigi\u00f3 a los delegados con una actualizaci\u00f3n sobre su <a href=\"https:\/\/www.iaff.org\/es\/news\/la-legislacion-sobre-el-cancer-alcanza-un-hito-importante-en-el-parlamento-canadiense\/\">proyecto de ley C-224<\/a> privado, que ahora pasa al Senado despu\u00e9s de aprobar una votaci\u00f3n de tercera lectura 322-0 el 8 de marzo con el apoyo un\u00e1nime de todos los partidos.<\/p>\n<\/div><div class=\"wp-block-paragraph \">\n<p>Romanado elogi\u00f3 a los delegados por su defensa en Parliament Hill y agradeci\u00f3 a la AIB por su apoyo inquebrantable al proyecto de ley que aborda el c\u00e1ncer ocupacional. Tambi\u00e9n dijo que se sinti\u00f3 abrumada por la cantidad de personas que se presentaron en el \u00faltimo a\u00f1o y compartieron historias personales sobre la lucha contra incendios y el c\u00e1ncer. <\/p>\n<\/div><div class=\"wp-block-paragraph \">\n<p>\u201cAhora hay 338 diputados que saben que los bomberos tienen m\u00e1s probabilidades de desarrollar c\u00e1ncer, y eso es gracias a su arduo trabajo\u201d, dijo. \u201cTodo el mundo apoya este proyecto de ley y, con suerte, podremos sacarlo adelante antes de finales de junio, y para esta \u00e9poca del a\u00f1o que viene, estaremos hablando de un nuevo marco nacional para la prevenci\u00f3n y el tratamiento de los c\u00e1nceres relacionados con la lucha contra incendios.\u201d <\/p>\n<\/div><div class=\"wp-block-paragraph \">\n<p>Romanado estuvo acompa\u00f1ada en el escenario por el senador Hassan Yussuff, un aliado de la AIB y expresidente del Congreso Laboral Canadiense que ha aceptado defender el proyecto de ley 224 en el Senado.<\/p>\n<\/div><div class=\"wp-block-paragraph \">\n<p>Otros oradores fueron el presidente de la Asociaci\u00f3n Canadiense de Jefes de Bomberos, Ken McMullen, la directora ejecutiva del Instituto Broadbent, Jen Hassum, y Nathan Wright, director ejecutivo del Consejo Nacional Ind\u00edgena de Seguridad contra Incendios.<\/p>\n<\/div><div class=\"wp-block-paragraph \">\n<p>La conferencia tambi\u00e9n incluy\u00f3 el panel de expertos pol\u00edticos favorito del p\u00fablico, con los destacados comentaristas y estrategas pol\u00edticos Kathleen Monk, Tim Powers y Carlene Variyan. Concluy\u00f3 con la recepci\u00f3n parlamentaria de la AIB, donde los delegados se mezclaron con diputados, senadores, personal parlamentario y otros invitados. <\/p>\n<\/div>","protected":false},"featured_media":102240,"menu_order":0,"template":"","tags":[],"class_list":["post-102239","news","type-news","status-publish","has-post-thumbnail","hentry"],"acf":[],"publishpress_future_workflow_manual_trigger":{"enabledWorkflows":[]},"_links":{"self":[{"href":"https:\/\/www.iaff.org\/es\/wp-json\/wp\/v2\/news\/102239","targetHints":{"allow":["GET"]}}],"collection":[{"href":"https:\/\/www.iaff.org\/es\/wp-json\/wp\/v2\/news"}],"about":[{"href":"https:\/\/www.iaff.org\/es\/wp-json\/wp\/v2\/types\/news"}],"version-history":[{"count":0,"href":"https:\/\/www.iaff.org\/es\/wp-json\/wp\/v2\/news\/102239\/revisions"}],"wp:featuredmedia":[{"embeddable":true,"href":"https:\/\/www.iaff.org\/es\/wp-json\/wp\/v2\/media\/102240"}],"wp:attachment":[{"href":"https:\/\/www.iaff.org\/es\/wp-json\/wp\/v2\/media?parent=102239"}],"wp:term":[{"taxonomy":"post_tag","embeddable":true,"href":"https:\/\/www.iaff.org\/es\/wp-json\/wp\/v2\/tags?post=102239"}],"curies":[{"name":"wp","href":"https:\/\/api.w.org\/{rel}","templated":true}]}}