{"id":102067,"date":"2023-06-10T01:18:17","date_gmt":"2023-06-10T05:18:17","guid":{"rendered":"https:\/\/www.iaff.org\/news\/el-gran-impacto-de-los-incendios-forestales-canadienses\/"},"modified":"2025-12-03T14:54:19","modified_gmt":"2025-12-03T19:54:19","slug":"el-gran-impacto-de-los-incendios-forestales-canadienses","status":"publish","type":"news","link":"https:\/\/www.iaff.org\/es\/news\/el-gran-impacto-de-los-incendios-forestales-canadienses\/","title":{"rendered":"El gran impacto de los incendios forestales canadienses"},"content":{"rendered":"<div class=\"wp-block-paragraph \">\n<p>M\u00e1s de 400 incendios forestales siguen activos en todo Canad\u00e1, lo que obliga a miles de personas, al menos 20 de ellas miembros de la AIB, a abandonar sus hogares y env\u00eda una neblina de humo a trav\u00e9s de la frontera hacia Estados Unidos.<\/p>\n<\/div><div class=\"wp-block-paragraph \">\n<p>Casi 10 millones de acres y cientos de hogares, incluidos los hogares de dos miembros del Local 268 de Halifax, NS, y un miembro del Local F-65 del Astillero Naval de Halifax, se han quemado en estos incendios sin precedentes. La AIB, a trav\u00e9s de su <a href=\"https:\/\/iafffoundation.org\/\" target=\"_blank\" rel=\"noreferrer noopener\">Fundaci\u00f3n<\/a>, est\u00e1 proporcionando asistencia para casos de desastre a estos miembros. <\/p>\n<\/div>\n<figure class=\"wp-block-image aligncenter size-large is-resized\"><img decoding=\"async\" src=\"https:\/\/www.iaff.org\/wp-content\/uploads\/Rafuse-photo-scaled.jpg\" alt=\"\" style=\"width:480px\"><figcaption class=\"wp-element-caption\">Un miembro del Local 268 de Halifax, NS, trabaja para proteger el \u00e1rea de Tantallon de Nueva Escocia. Cr\u00e9dito de la foto: Gobierno de Nueva Escocia\/AFP. <\/figcaption><\/figure>\n<div class=\"wp-block-paragraph \">\n<p>\u201cNuestros miembros en todo Canad\u00e1 est\u00e1n trabajando arduamente para proteger a sus comunidades de estos devastadores incendios forestales\u201d, dijo el presidente general Edward Kelly. \u201cY, mientras lo hacen, la AIB proporcionar\u00e1 todo el peso de sus recursos a cualquier miembro afectado por los incendios.\u201d <\/p>\n<\/div><div class=\"wp-block-paragraph \">\n<p>Miembros canadienses de la AIB han sido desplegados para proteger la interfaz urbana en m\u00faltiples jurisdicciones. Y el presidente de los Estados Unidos, Joseph Biden, autoriz\u00f3 el despliegue de 600 bomberos para ayudar a Canad\u00e1. En total, se han enviado 1.000 bomberos extranjeros y se espera que sigan llegando m\u00e1s.  <\/p>\n<\/div><div class=\"wp-block-paragraph \">\n<p>Los vapores peligrosos y neblinosos de los incendios forestales en curso en Canad\u00e1 han envuelto los cielos sobre gran parte del noreste, lo que provoc\u00f3 alertas severas de calidad del aire en al menos 20 estados desde Missouri hasta Massachusetts.<\/p>\n<\/div>\n<figure class=\"wp-block-image aligncenter size-large is-resized\"><img decoding=\"async\" src=\"https:\/\/www.iaff.org\/wp-content\/uploads\/Halifax-1.jpg\" alt=\"\" style=\"width:480px\"><figcaption class=\"wp-element-caption\">Miembros del Cuerpo de Bomberos y Emergencias Regional de Halifax y del Local 268 en el \u00e1rea de Tantallon de Nueva Escocia. Cr\u00e9dito de la foto: Gobierno de Nueva Escocia\/AFP. <\/figcaption><\/figure>\n<div class=\"wp-block-paragraph \">\n<p>Debido a la reducci\u00f3n de la visibilidad, varios vuelos fueron cancelados. Adem\u00e1s, las empresas y las escuelas en las ciudades afectadas de los Estados Unidos modificaron las operaciones para mantener a los empleados y estudiantes adentro tanto como fuera posible. <\/p>\n<\/div><div class=\"wp-block-paragraph \">\n<p>El Servicio Meteorol\u00f3gico Nacional de EE. UU. espera que la calidad del aire mejore cuando el clima comience a cambiar el 10 u 11 de junio.<\/p>\n<\/div><div class=\"wp-block-paragraph \">\n<p>La Agencia Federal para el Manejo de Emergencias (FEMA) ha publicado algunas recomendaciones para reducir el riesgo del humo de incendios forestales, especialmente para los grupos de riesgo como ni\u00f1os, adultos mayores y personas con asma:<\/p>\n<\/div><div class=\"wp-block-list\">\n<ul class=\"wp-block-list\">\n<li>Consulte el <a href=\"https:\/\/www.airnow.gov\/aqi\/\" target=\"_blank\" rel=\"noreferrer noopener\">\u00cdndice de Calidad del Aire<\/a> o el <a href=\"https:\/\/fire.airnow.gov\/\" target=\"_blank\" rel=\"noreferrer noopener\">Mapa de Incendios y Humo de Air Now<\/a> para tomar decisiones informadas sobre las actividades diarias.<\/li>\n\n\n\n<li>Si la calidad del aire est\u00e1 comprometida en el exterior, permanezca en el interior cuando sea posible.<\/li>\n\n\n\n<li>Abast\u00e9zcase de medicamentos y suministros esenciales para minimizar los viajes de compras al aire libre. Utilice la entrega a domicilio si es posible. <\/li>\n\n\n\n<li>Utilice acondicionadores de aire, bombas de calor, ventiladores y persianas para mantener el espacio a\u00e9reo c\u00f3modamente fresco en los d\u00edas calurosos. Trate de evitar el uso de equipos que circulen en el aire desde el exterior. <\/li>\n\n\n\n<li>Limite el ejercicio al aire libre cuando haya humo en el exterior o elija actividades de menor intensidad para reducir la exposici\u00f3n al humo.<\/li>\n\n\n\n<li>Utilice un respirador N95 para protegerse del humo de incendios forestales.<\/li>\n<\/ul>\n<\/div>","protected":false},"featured_media":102068,"menu_order":0,"template":"","tags":[],"class_list":["post-102067","news","type-news","status-publish","has-post-thumbnail","hentry"],"acf":[],"publishpress_future_workflow_manual_trigger":{"enabledWorkflows":[]},"_links":{"self":[{"href":"https:\/\/www.iaff.org\/es\/wp-json\/wp\/v2\/news\/102067","targetHints":{"allow":["GET"]}}],"collection":[{"href":"https:\/\/www.iaff.org\/es\/wp-json\/wp\/v2\/news"}],"about":[{"href":"https:\/\/www.iaff.org\/es\/wp-json\/wp\/v2\/types\/news"}],"version-history":[{"count":0,"href":"https:\/\/www.iaff.org\/es\/wp-json\/wp\/v2\/news\/102067\/revisions"}],"wp:featuredmedia":[{"embeddable":true,"href":"https:\/\/www.iaff.org\/es\/wp-json\/wp\/v2\/media\/102068"}],"wp:attachment":[{"href":"https:\/\/www.iaff.org\/es\/wp-json\/wp\/v2\/media?parent=102067"}],"wp:term":[{"taxonomy":"post_tag","embeddable":true,"href":"https:\/\/www.iaff.org\/es\/wp-json\/wp\/v2\/tags?post=102067"}],"curies":[{"name":"wp","href":"https:\/\/api.w.org\/{rel}","templated":true}]}}