{"id":101887,"date":"2023-07-07T22:30:59","date_gmt":"2023-07-08T02:30:59","guid":{"rendered":"https:\/\/www.iaff.org\/news\/servicios-funerarios-para-los-bomberos-de-newark\/"},"modified":"2025-07-21T14:58:26","modified_gmt":"2025-07-21T18:58:26","slug":"servicios-funerarios-para-los-bomberos-de-newark","status":"publish","type":"news","link":"https:\/\/www.iaff.org\/es\/news\/servicios-funerarios-para-los-bomberos-de-newark\/","title":{"rendered":"Servicios funerarios para los bomberos de Newark"},"content":{"rendered":"<div class=\"wp-block-paragraph \">\n<p><strong>Servicios para los bomberos de Newark Acabou y Brooks<\/strong><\/p>\n<\/div><div class=\"wp-block-paragraph \">\n<p><strong>Por favor, consulte esta p\u00e1gina regularmente para obtener actualizaciones. La informaci\u00f3n\/instrucciones se actualizan con frecuencia. <\/strong><\/p>\n<\/div>\n<figure class=\"wp-block-image aligncenter size-large\"><img decoding=\"async\" src=\"https:\/\/www.iaff.org\/wp-content\/uploads\/\/Newark-FD-Logo-150x150.png\" alt=\"\"><\/figure>\n<div class=\"wp-block-paragraph \">\n<p><em>Todos los servicios se celebran en la <\/em><strong><em>Catedral Bas\u00edlica del Sagrado Coraz\u00f3n<\/em><\/strong><br\/>89 Ridge Street, Newark, NJ<\/p>\n<\/div><div class=\"wp-block-paragraph \">\n<p><strong>Informaci\u00f3n sobre el velatorio:<\/strong><\/p>\n<\/div><div class=\"wp-block-paragraph \">\n<p><strong>Bombero Augusto \u201cAugie\u201d Acabou<\/strong><br\/>Mi\u00e9rcoles, 12 de julio de 2023 de 16:00 a 20:00<br\/>Formaci\u00f3n de desfile de bomberos uniformados a las 19:30<\/p>\n<\/div><div class=\"wp-block-paragraph \">\n<p><strong>Bombero Wayne \u201cBear\u201d Brooks Jr.<\/strong><br\/>Jueves, 13 de julio de 2023 de 16:00 a 20:00<\/p>\n<\/div><div class=\"wp-block-paragraph \">\n<p><strong>Informaci\u00f3n sobre el funeral:<\/strong><\/p>\n<\/div><div class=\"wp-block-paragraph \">\n<p><strong>Bombero Augusto \u201cAugie\u201d Acabou<\/strong><br\/>Jueves, 13 de julio de 2023 a las 10:00<\/p>\n<\/div><div class=\"wp-block-paragraph \">\n<p><strong>Bombero Wayne \u201cBear\u201d Brooks Jr.<\/strong><br\/>Viernes, 14 de julio de 2023 a las 10:00<\/p>\n<\/div><div class=\"wp-block-paragraph \">\n<p><strong>Los servicios de entierro son privados.<\/strong><\/p>\n<\/div><div class=\"wp-block-paragraph \">\n<p><em>NOTA: Ambos funerales se transmitir\u00e1n en vivo.<\/em><br\/><em>No habr\u00e1 participaci\u00f3n de aparatos externos.<\/em><\/p>\n<\/div><div class=\"wp-block-paragraph \">\n<p><strong>Todos los guardias de honor, equipos de color, gaitas y tambores, y personal uniformado son bienvenidos.<\/strong><\/p>\n<\/div><div class=\"wp-block-paragraph \">\n<p><strong>Formaci\u00f3n<\/strong>:<br\/>Jueves, 13 de julio, 8 a.m. en la Catedral<br\/>Viernes, 14 de julio, 8 a.m. en la Catedral<\/p>\n<\/div><div class=\"wp-block-paragraph \">\n<p>Habr\u00e1 estacionamiento disponible en el lote frente al 191 de Orange Street, Newark, NJ, a 3 cuadras de la Catedral.<\/p>\n<\/div><div class=\"wp-block-paragraph \">\n<p><a href=\"https:\/\/www.hilton.com\/en\/book\/reservation\/rooms\/?ctyhocn=EWRAHHH&amp;arrivalDate=2023-07-10&amp;departureDate=2023-07-15&amp;groupCode=IAFFCO&amp;room1NumAdults=1&amp;cid=OM%2CWW%2CHILTONLINK%2CEN%2CDirectLink&amp;bm-verify=AAQAAAAH_____4CKErAqUcBuPmFGYFb1JMU9RZKBtL3OpV42whSrzKuqUbrMjAOu8U64j7ms15qUc679e2lzJgtHJHtrFQn6oA9S8WD19w65v0iBLP2Wtb7waJtcRKVKsi6Im30iMEkBYgp4f21u_36qsVkf98UW3QpfwfYFjdrUSjs93WMG8xxY4HcbOfYQg5KRDl0cgsJW5HocUYIgCG-AGSwVf97z4LFvyDe4uU2SzA8rtVXFh-ZQwLAZHOAdXVZpRJUbG6P496WplWl6Ult7bBn-Jy_H5O8YHXWon1d3q68zYv0p0VOmFxWjy1RJhghHnRZgqKqz6sx_q_LQtpMr2GTb-7Syo-Iug6LFPyREJD8GilGZSoHoj31DlxLhNxYGW5wOcuOI1UOaQ092nxQVK77gv8bXDLfQVMFyFEm9cP5FblTH_O4FlMJmOM6b8O23GFCie0nbMVXTsru5OrJEY8FKC5IWuIPIpCAKZvomN01v4DO6sNMbE0Y5GlLwkbro0TAXgA\" target=\"_blank\" rel=\"noreferrer noopener\"><strong>Hilton Newark airport<\/strong><\/a><\/p>\n<\/div><div class=\"wp-block-paragraph \">\n<p>1170 Spring Street Elizabeth,<br\/>New Jersey 07201-2114<br\/><a href=\"tel:+18004458667\">+1-800-HILTONS<\/a><\/p>\n<\/div><div class=\"wp-block-paragraph \">\n<p>$159 por noche. Esta oferta es v\u00e1lida del 11 al 15 de julio de 2023 <\/p>\n<\/div><div class=\"wp-block-paragraph \">\n<p>C\u00f3digo de grupo: <strong>IAFFCO<\/strong><\/p>\n<\/div><div class=\"wp-block-paragraph \">\n<p>Los que asistan al funeral de los bomberos ca\u00eddos de Newark son responsables de su propio transporte. No hay transporte desde el aeropuerto o el hotel, y no hay transporte a la Catedral Bas\u00edlica del Sagrado Coraz\u00f3n. <\/p>\n<\/div><div class=\"wp-block-paragraph \">\n<p>Por favor, \u00fanase al Sindicato de Bomberos de Newark mientras recuerdan a nuestros hermanos ca\u00eddos.<\/p>\n<\/div><div class=\"wp-block-paragraph \">\n<p>Viernes, 14 de julio de 2023<br\/>1 \u2013 5 p.m.<br\/>81 Lafayette Street, Newark<br\/>Estacionamiento J &amp; L<\/p>\n<\/div><div class=\"wp-block-paragraph \">\n<p>Se ha creado un <a href=\"https:\/\/www.gofundme.com\/f\/s6veq-support-the-families-of-ff-acabou-ff-brooks\" target=\"_blank\" rel=\"noreferrer noopener\">GoFundMe<\/a> para las familias Acabou y Brooks. <a href=\"https:\/\/www.gofundme.com\/f\/s6veq-support-the-families-of-ff-acabou-ff-brooks\" target=\"_blank\" rel=\"noreferrer noopener\">Haga clic aqu\u00ed<\/a> para donar. Tambi\u00e9n se pueden hacer donaciones a trav\u00e9s de El AIB Fundaci\u00f3n 501(c)3 <a href=\"https:\/\/iafffoundation.org\/\" target=\"_blank\" rel=\"noreferrer noopener\">, 1750 New York Avenue NW, Washington, D.C. 20024.<\/a> <\/p>\n<\/div><div class=\"wp-block-paragraph \">\n<p><strong>La Catedral est\u00e1 cerrada a la prensa<\/strong>.<\/p>\n<\/div><div class=\"wp-block-paragraph \">\n<p>La transmisi\u00f3n en vivo del funeral del FF Acabou est\u00e1 <a href=\"https:\/\/www.youtube.com\/live\/-64lwAdrtFE?feature=share\" target=\"_blank\" rel=\"noreferrer noopener\">disponible aqu\u00ed<\/a>.<\/p>\n<\/div><div class=\"wp-block-paragraph \">\n<p>La transmisi\u00f3n en vivo del funeral del FF Brooks est\u00e1 <a href=\"https:\/\/www.youtube.com\/live\/muIAwy-5yqQ?feature=share\" target=\"_blank\" rel=\"noreferrer noopener\">disponible aqu\u00ed<\/a>.<\/p>\n<\/div><div class=\"wp-block-paragraph \">\n<p><strong>Los medios acreditados que asistan al funeral pueden ubicarse en <a href=\"https:\/\/goo.gl\/maps\/KiN9bS14qL2daDrx8\" target=\"_blank\" rel=\"noreferrer noopener\">Branch Brook Park en la esquina de Victoria y Clifton Avenues<\/a>.<\/strong> Los veh\u00edculos de prensa pueden estacionarse en el <strong>Antiguo Edificio Administrativo del Condado de Essex<\/strong>, <a href=\"https:\/\/goo.gl\/maps\/ggGwX4MQfwxMvjut8\" target=\"_blank\" rel=\"noreferrer noopener\">accesible en Mt. Prospect Avenue<\/a>.<\/p>\n<\/div><div class=\"wp-block-paragraph \">\n<p>Los medios con preguntas relacionadas con el sindicato pueden comunicarse con Ryan Heffernan, Asistente del Presidente General para Comunicaciones, en rheffernan@iaff.org.<\/p>\n<\/div>","protected":false},"featured_media":101888,"menu_order":0,"template":"","tags":[],"class_list":["post-101887","news","type-news","status-publish","has-post-thumbnail","hentry"],"acf":[],"publishpress_future_workflow_manual_trigger":{"enabledWorkflows":[]},"_links":{"self":[{"href":"https:\/\/www.iaff.org\/es\/wp-json\/wp\/v2\/news\/101887","targetHints":{"allow":["GET"]}}],"collection":[{"href":"https:\/\/www.iaff.org\/es\/wp-json\/wp\/v2\/news"}],"about":[{"href":"https:\/\/www.iaff.org\/es\/wp-json\/wp\/v2\/types\/news"}],"version-history":[{"count":0,"href":"https:\/\/www.iaff.org\/es\/wp-json\/wp\/v2\/news\/101887\/revisions"}],"wp:featuredmedia":[{"embeddable":true,"href":"https:\/\/www.iaff.org\/es\/wp-json\/wp\/v2\/media\/101888"}],"wp:attachment":[{"href":"https:\/\/www.iaff.org\/es\/wp-json\/wp\/v2\/media?parent=101887"}],"wp:term":[{"taxonomy":"post_tag","embeddable":true,"href":"https:\/\/www.iaff.org\/es\/wp-json\/wp\/v2\/tags?post=101887"}],"curies":[{"name":"wp","href":"https:\/\/api.w.org\/{rel}","templated":true}]}}