{"id":101875,"date":"2023-07-11T00:17:38","date_gmt":"2023-07-11T04:17:38","guid":{"rendered":"https:\/\/www.iaff.org\/news\/la-diputada-sherry-romanado-homenajeada-en-una-conferencia-de-politica-canadiense\/"},"modified":"2025-12-03T14:54:37","modified_gmt":"2025-12-03T19:54:37","slug":"la-diputada-sherry-romanado-homenajeada-en-una-conferencia-de-politica-canadiense","status":"publish","type":"news","link":"https:\/\/www.iaff.org\/es\/news\/la-diputada-sherry-romanado-homenajeada-en-una-conferencia-de-politica-canadiense\/","title":{"rendered":"La diputada Sherry Romanado homenajeada en una conferencia de pol\u00edtica canadiense"},"content":{"rendered":"<div class=\"wp-block-paragraph \">\n<p>La diputada, cuya hist\u00f3rica legislaci\u00f3n sobre el c\u00e1ncer de los bomberos fue promulgada recientemente, fue sorprendida con una membres\u00eda honoraria de la AIB el 27 de junio ante los delegados en la Conferencia de Pol\u00edtica Canadiense Bienal Jack Jessop en Burnaby, B.C.<\/p>\n<\/div><div class=\"wp-block-paragraph \">\n<p>El honor, aprobado por unanimidad por la Junta Ejecutiva de la AIB, fue otorgado a la diputada liberal del \u00e1rea de Montreal, Sherry Romanado. Recibi\u00f3 una ovaci\u00f3n de pie de una audiencia agradecida de l\u00edderes de la AIB de todo Canad\u00e1. <\/p>\n<\/div><div class=\"wp-block-paragraph \">\n<p>Sentada con su esposo, Romanado se sec\u00f3 las l\u00e1grimas mientras aceptaba un certificado enmarcado del Presidente General Edward Kelly. \u201cSu pasi\u00f3n y dedicaci\u00f3n entregaron este resultado hist\u00f3rico para los bomberos, y seguramente beneficiar\u00e1 a las futuras generaciones de miembros de la AIB y sus familias\u201d, ley\u00f3 Kelly del certificado antes de present\u00e1rselo. <\/p>\n<\/div><div class=\"wp-block-paragraph \">\n<p>Romanado brome\u00f3 diciendo que no es frecuente que los diputados se queden sin palabras. Agradeci\u00f3 a la AIB, afirmando que estaba orgullosa de apoyar a los bomberos para abordar su problema m\u00e1s apremiante. <\/p>\n<\/div><div class=\"wp-block-paragraph \">\n<p>Presentado por Romanado en enero de 2022, el Proyecto de Ley C-224 super\u00f3 el proceso legislativo con el apoyo un\u00e1nime de todos los partidos pol\u00edticos. Establece un marco nacional para abordar el c\u00e1ncer ocupacional en los bomberos, incluido el apoyo a la investigaci\u00f3n y el intercambio de conocimientos, la detecci\u00f3n temprana del c\u00e1ncer entre los bomberos y la promoci\u00f3n de las necesidades educativas para la comunidad m\u00e9dica. Tambi\u00e9n proclama formalmente cada enero como el Mes de Concientizaci\u00f3n sobre el C\u00e1ncer de los Bomberos en Canad\u00e1.  <\/p>\n<\/div><div class=\"wp-block-paragraph \">\n<p>La presentaci\u00f3n coron\u00f3 una conferencia exitosa que cont\u00f3 con una agenda repleta y sesiones informativas sobre diversos temas emergentes.<\/p>\n<\/div><div class=\"wp-block-paragraph \">\n<p>Los delegados adoptaron dos resoluciones en la Conferencia de Pol\u00edtica, una pidiendo a la AIB que financie la investigaci\u00f3n sobre el c\u00e1ncer en los hijos de los bomberos, y otra que ordena a la AIB participar como parte interesada en el proceso de la Encuesta de Suscripci\u00f3n de Aseguradores de Incendios (FUS).<\/p>\n<\/div><div class=\"wp-block-paragraph \">\n<p>Kelly agradeci\u00f3 a los m\u00e1s de 130 delegados y suplentes por su compromiso y los felicit\u00f3 por apoyar varias victorias importantes en Canad\u00e1, incluyendo el Proyecto de Ley C-224 y una reciente decisi\u00f3n del Gobierno canadiense de financiar el programa de capacitaci\u00f3n en zonas forestales de la AIB, Respondiendo a la Interfaz, como un proyecto piloto de un a\u00f1o.<\/p>\n<\/div><div class=\"wp-block-paragraph \">\n<p>\u201cNuestro poder como AIB es el poder de aquellos que nos precedieron, que demostraron su voluntad de sacrificio y que definieron lo que significa ser bombero\u201d, dijo Kelly.<\/p>\n<\/div><div class=\"wp-block-paragraph \">\n<p>El Secretario-Tesorero General Frank L\u00edma, tambi\u00e9n dirigi\u00e9ndose a los delegados, dio una actualizaci\u00f3n sobre la situaci\u00f3n financiera de la AIB e inst\u00f3 a los delegados a mantenerse fuertes mientras abordan los desaf\u00edos que tienen ante s\u00ed. \u201cSean luchadores, sean unificadores y sean organizadores y tengan la mejor conferencia que hayan tenido\u201d, dijo. <\/p>\n<\/div><div class=\"wp-block-paragraph \">\n<p>El alcalde de Burnaby, Mike Hurley, un ex bombero de Burnaby que tambi\u00e9n se desempe\u00f1\u00f3 como Presidente Local 323 y BCPFFA y Vicepresidente del 6\u00ba Distrito de la AIB, inaugur\u00f3 la conferencia con un c\u00e1lido saludo para los delegados. Tambi\u00e9n hablaron el Primer Ministro de B.C., David Eby, el Ministro de Trabajo de B.C., Harry Bains, el diputado liberal del \u00e1rea de Burnaby, Terry Beech, el Jefe de Bomberos de Burnaby, Chris Bowcock, y el Vicepresidente Ejecutivo del Congreso Laboral Canadiense, Larry Rousseau. <\/p>\n<\/div><div class=\"wp-block-paragraph \">\n<p>Durante la conferencia, el Presidente Local 125 de Montreal, Chris Ross, actualiz\u00f3 a los delegados sobre las recomendaciones que surgieron de una investigaci\u00f3n forense sobre la tr\u00e1gica muerte en el cumplimiento del deber del bombero Pierre Lacroix, quien muri\u00f3 en octubre de 2021 durante una operaci\u00f3n de rescate en el r\u00edo San Lorenzo.<\/p>\n<\/div><div class=\"wp-block-paragraph \">\n<p>El Presidente de la Asociaci\u00f3n de Bomberos Profesionales de Ontario, Greg Horton, discuti\u00f3 las victorias de acci\u00f3n pol\u00edtica duramente ganadas a trav\u00e9s del gobierno conservador progresista de derecha de la provincia y el Presidente Local 269 de Halifax, N.S., Brendan Meagher, y el Vicepresidente Joe Triff dieron un relato detallado de la respuesta a una serie de incendios forestales que devastaron las \u00e1reas suburbanas de la ciudad a fines de mayo y principios de junio. La miembro electa del Comit\u00e9 de Relaciones Humanas, Katrina Davison, del Local 18 de Vancouver, explic\u00f3 el papel del comit\u00e9 y dio ejemplos de casos que el comit\u00e9 ha abordado. <\/p>\n<\/div><div class=\"wp-block-paragraph \">\n<p>Los delegados tambi\u00e9n escucharon presentaciones del Fiduciario Canadiense Alex Forrest y de EHN Canada, la Encuesta de Suscripci\u00f3n de Aseguradores de Incendios, la Distrofia Muscular Canad\u00e1, la AIB-FC, y del personal superior de la Sede de la AIB sobre temas que incluyen comunicaciones, suscripci\u00f3n de seguros contra incendios y PFAS.<\/p>\n<\/div><div class=\"wp-block-paragraph \">\n<p>Los anfitriones de la conferencia, el Local 323 de Burnaby, hicieron que los delegados e invitados se sintieran como en casa con una serie de eventos de hospitalidad, incluida una cena en la cima de la Monta\u00f1a Burnaby, con amplias vistas de Vancouver y otras \u00e1reas esc\u00e9nicas.<\/p>\n<\/div>","protected":false},"featured_media":101876,"menu_order":0,"template":"","tags":[],"class_list":["post-101875","news","type-news","status-publish","has-post-thumbnail","hentry"],"acf":[],"publishpress_future_workflow_manual_trigger":{"enabledWorkflows":[]},"_links":{"self":[{"href":"https:\/\/www.iaff.org\/es\/wp-json\/wp\/v2\/news\/101875","targetHints":{"allow":["GET"]}}],"collection":[{"href":"https:\/\/www.iaff.org\/es\/wp-json\/wp\/v2\/news"}],"about":[{"href":"https:\/\/www.iaff.org\/es\/wp-json\/wp\/v2\/types\/news"}],"version-history":[{"count":0,"href":"https:\/\/www.iaff.org\/es\/wp-json\/wp\/v2\/news\/101875\/revisions"}],"wp:featuredmedia":[{"embeddable":true,"href":"https:\/\/www.iaff.org\/es\/wp-json\/wp\/v2\/media\/101876"}],"wp:attachment":[{"href":"https:\/\/www.iaff.org\/es\/wp-json\/wp\/v2\/media?parent=101875"}],"wp:term":[{"taxonomy":"post_tag","embeddable":true,"href":"https:\/\/www.iaff.org\/es\/wp-json\/wp\/v2\/tags?post=101875"}],"curies":[{"name":"wp","href":"https:\/\/api.w.org\/{rel}","templated":true}]}}